{"id":22793,"date":"2025-01-29T20:35:12","date_gmt":"2025-01-29T23:35:12","guid":{"rendered":"https:\/\/www.rosarioalerta.com.ar\/site\/?p=22793"},"modified":"2025-01-29T20:35:23","modified_gmt":"2025-01-29T23:35:23","slug":"prision-preventiva-para-agustin-lopez","status":"publish","type":"post","link":"https:\/\/www.rosarioalerta.com.ar\/site\/archivos\/22793","title":{"rendered":"Prisi\u00f3n preventiva para Agust\u00edn L\u00f3pez"},"content":{"rendered":"\n<p><\/p>\n\n\n\n<p>Se trata del conductor que caus\u00f3 la muerte de una madre y su hija en Rosario<\/p>\n\n\n\n<p>El joven de 20 a\u00f1os permanece detenido tras el siniestro vial ocurrido el 21 de enero, donde <strong>Tania Gandolfi y Agustina Garc\u00eda<\/strong> perdieron la vida. La investigaci\u00f3n sigue avanzando con nuevos hallazgos.<\/p>\n\n\n\n<p>El pasado 21 de enero, Rosario fue escenario de un tr\u00e1gico accidente de tr\u00e1nsito que cobr\u00f3 la vida de <strong>Tania Gandolfi y su hija Agustina Garc\u00eda<\/strong>. El siniestro vial ocurri\u00f3 en la intersecci\u00f3n de la <strong>Avenida Illia y Presidente Roca,<\/strong> donde un veh\u00edculo impact\u00f3 fuertemente contra las v\u00edctimas, quienes se desplazaban en otro autom\u00f3vil. La conmoci\u00f3n por la muerte de madre e hija sacudi\u00f3 a la comunidad rosarina, y las autoridades comenzaron de inmediato la investigaci\u00f3n para esclarecer lo sucedido.<\/p>\n\n\n\n<p>El principal implicado en este lamentable hecho es <strong>Agust\u00edn L\u00f3pez<\/strong>, un joven de 20 a\u00f1os que se encontraba al volante del veh\u00edculo que caus\u00f3 el accidente. Tras las primeras diligencias, se confirm\u00f3 que el acusado permanece en prisi\u00f3n preventiva efectiva por el plazo de ley. En cuanto a los ex\u00e1menes toxicol\u00f3gicos realizados al imputado, se revel\u00f3 que en su sangre y orina se encontraron rastros de narc\u00f3ticos, aunque tambi\u00e9n se detect\u00f3 una baja presencia de etanol en su sangre, <strong>con un nivel de 0,20 gramos por litro.<\/strong><\/p>\n\n\n\n<p>Este hallazgo ha generado a\u00fan m\u00e1s preocupaci\u00f3n en torno a las condiciones del conductor al momento del siniestro. Las fiscales Valeria Piazza Iglesias y Mariana Prunutto, quienes llevan adelante la causa, solicitaron la reconstrucci\u00f3n digital del hecho, as\u00ed como la realizaci\u00f3n de una pericia accidentol\u00f3gica. Este \u00faltimo procedimiento tiene como objetivo esclarecer los detalles del accidente, evaluando todos los factores que intervinieron en el mismo.<\/p>\n\n\n\n<p>Hasta el momento, tambi\u00e9n se ha concluido la etapa de toma de testimonios, donde diversas personas han aportado informaci\u00f3n relevante que podr\u00eda ser clave para la investigaci\u00f3n. Las fiscales contin\u00faan con el an\u00e1lisis de todas las pruebas, y se espera que en las pr\u00f3ximas semanas se realicen m\u00e1s avances en la causa.<\/p>\n\n\n\n<p>La investigaci\u00f3n sigue en curso y, una vez finalizadas las medidas investigativas, la Fiscal\u00eda presentar\u00e1 un requerimiento acusatorio para elevar la causa a juicio oral y p\u00fablico. La comunidad rosarina, consternada por la tragedia, sigue a la espera de justicia para las v\u00edctimas, esperando que se esclarezca completamente lo sucedido y se resuelva este caso de manera judicial.<\/p>\n\n\n\n<p>La familia de las v\u00edctimas, al igual que los habitantes de la ciudad, aguardan con esperanza la resoluci\u00f3n del caso y la correspondiente condena para quien, bajo circunstancias a\u00fan no completamente esclarecidas, ha causado tanto dolor a una familia y a toda la sociedad.<\/p>\n<div class=\"newspaper-x-tags\"><strong>TAGS: <\/strong><span><a href=\"https:\/\/www.rosarioalerta.com.ar\/site\/archivos\/tag\/noticias-de-rosario\" rel=\"tag\">Noticias de Rosario<\/a><\/span><a href=\"https:\/\/www.rosarioalerta.com.ar\/site\/archivos\/tag\/rosario\" rel=\"tag\">Rosario<\/a><\/span><a href=\"https:\/\/www.rosarioalerta.com.ar\/site\/archivos\/tag\/santa-fe\" rel=\"tag\">Santa Fe<\/a> <\/div>","protected":false},"excerpt":{"rendered":"<p>Se trata del conductor que caus\u00f3 la muerte de una madre y su hija en Rosario El joven de 20 a\u00f1os permanece detenido tras el siniestro vial ocurrido el 21 de enero, donde Tania Gandolfi y Agustina Garc\u00eda perdieron la vida. La investigaci\u00f3n sigue avanzando con nuevos hallazgos. El pasado 21 de enero, Rosario fue [&hellip;]<\/p>\n","protected":false},"author":2,"featured_media":22794,"comment_status":"open","ping_status":"open","sticky":false,"template":"","format":"standard","meta":{"_joinchat":[],"footnotes":""},"categories":[11,13,21,14,10],"tags":[95,55,65],"class_list":["post-22793","post","type-post","status-publish","format-standard","has-post-thumbnail","hentry","category-detenidos","category-judiciales","category-noticias","category-policiales","category-siniestros-viales","tag-noticias-de-rosario","tag-rosario","tag-santa-fe"],"_links":{"self":[{"href":"https:\/\/www.rosarioalerta.com.ar\/site\/wp-json\/wp\/v2\/posts\/22793","targetHints":{"allow":["GET"]}}],"collection":[{"href":"https:\/\/www.rosarioalerta.com.ar\/site\/wp-json\/wp\/v2\/posts"}],"about":[{"href":"https:\/\/www.rosarioalerta.com.ar\/site\/wp-json\/wp\/v2\/types\/post"}],"author":[{"embeddable":true,"href":"https:\/\/www.rosarioalerta.com.ar\/site\/wp-json\/wp\/v2\/users\/2"}],"replies":[{"embeddable":true,"href":"https:\/\/www.rosarioalerta.com.ar\/site\/wp-json\/wp\/v2\/comments?post=22793"}],"version-history":[{"count":1,"href":"https:\/\/www.rosarioalerta.com.ar\/site\/wp-json\/wp\/v2\/posts\/22793\/revisions"}],"predecessor-version":[{"id":22795,"href":"https:\/\/www.rosarioalerta.com.ar\/site\/wp-json\/wp\/v2\/posts\/22793\/revisions\/22795"}],"wp:featuredmedia":[{"embeddable":true,"href":"https:\/\/www.rosarioalerta.com.ar\/site\/wp-json\/wp\/v2\/media\/22794"}],"wp:attachment":[{"href":"https:\/\/www.rosarioalerta.com.ar\/site\/wp-json\/wp\/v2\/media?parent=22793"}],"wp:term":[{"taxonomy":"category","embeddable":true,"href":"https:\/\/www.rosarioalerta.com.ar\/site\/wp-json\/wp\/v2\/categories?post=22793"},{"taxonomy":"post_tag","embeddable":true,"href":"https:\/\/www.rosarioalerta.com.ar\/site\/wp-json\/wp\/v2\/tags?post=22793"}],"curies":[{"name":"wp","href":"https:\/\/api.w.org\/{rel}","templated":true}]}}