{"id":22694,"date":"2025-01-24T09:59:41","date_gmt":"2025-01-24T12:59:41","guid":{"rendered":"https:\/\/www.rosarioalerta.com.ar\/site\/?p=22694"},"modified":"2025-01-24T09:59:43","modified_gmt":"2025-01-24T12:59:43","slug":"trasladaron-con-exito-a-la-nina-de-6-anos-que-fue-victima-de-un-siniestro-vial","status":"publish","type":"post","link":"https:\/\/www.rosarioalerta.com.ar\/site\/archivos\/22694","title":{"rendered":"Trasladaron con \u00e9xito a la ni\u00f1a de 6 a\u00f1os que fue v\u00edctima de un siniestro vial"},"content":{"rendered":"\n<p><\/p>\n\n\n\n<p>En un operativo conjunto entre la Municipalidad de Rosario, las provincias de Santa Fe y C\u00f3rdoba, lograron trasladar a la menor que fue atropellada<\/p>\n\n\n\n<p>En las primeras horas de la ma\u00f1ana de este viernes, un importante operativo de traslado se llev\u00f3 a cabo para asegurar la atenci\u00f3n de una ni\u00f1a de 6 a\u00f1os que result\u00f3 gravemente herida en un siniestro vial ocurrido en la salida del <strong>t\u00fanel Celedonio Escalada <\/strong>sobre<strong> Arturo Illia y Pte Roca<\/strong>, en Rosario. La menor hab\u00eda estado internada en el <strong>Hospital de Ni\u00f1os V\u00edctor J. Vilela<\/strong>, donde fue estabilizada y los \u00faltimos estudios realizados all\u00ed fueron determinantes para autorizar su traslado a la ciudad de <strong>C\u00f3rdoba<\/strong>, donde continuar\u00e1 su tratamiento.<\/p>\n\n\n\n<p>El operativo fue coordinado de manera meticulosa entre los equipos de salud de la <strong>Municipalidad de Rosario<\/strong>, la <strong>provincia de Santa Fe y la provincia de C\u00f3rdoba<\/strong>. La ni\u00f1a fue trasladada en una ambulancia pedi\u00e1trica de alta complejidad, equipada con la tecnolog\u00eda m\u00e1s avanzada para garantizar su seguridad durante el trayecto. Este veh\u00edculo de \u00faltima generaci\u00f3n, asignado por el gobierno de la provincia de Santa Fe, cont\u00f3 con personal especializado en cuidados intensivos pedi\u00e1tricos que monitore\u00f3 su estado en todo momento.<\/p>\n\n\n\n<p>El proceso de traslado fue supervisado por un equipo m\u00e9dico de la Municipalidad de Rosario, quienes acompa\u00f1aron a la ni\u00f1a hasta su destino en la ciudad de C\u00f3rdoba. La coordinaci\u00f3n entre los hospitales y los equipos de salud fue fundamental para asegurar que todo el procedimiento se realizara bajo las mejores condiciones posibles, teniendo siempre en cuenta el bienestar de la paciente.<\/p>\n\n\n\n<p>Este caso subraya la importancia de la colaboraci\u00f3n entre distintas jurisdicciones para garantizar la salud y seguridad de los pacientes en situaciones cr\u00edticas. La articulaci\u00f3n entre la Municipalidad de Rosario, las provincias de Santa Fe y C\u00f3rdoba ha permitido que la ni\u00f1a reciba la atenci\u00f3n necesaria en un tiempo r\u00e9cord, lo que aumenta sus posibilidades de recuperaci\u00f3n.<\/p>\n\n\n\n<p>A pesar de la gravedad de los hechos, la comunidad rosarina se mostr\u00f3 agradecida por la r\u00e1pida respuesta de los equipos de salud y las autoridades, quienes demostraron una vez m\u00e1s su compromiso con la atenci\u00f3n de los ciudadanos, especialmente en situaciones tan complejas como esta.<\/p>\n\n\n\n<p>El operativo de traslado no solo resalta la eficiencia del sistema de salud en situaciones de emergencia, sino tambi\u00e9n el trabajo incansable de los profesionales que estuvieron involucrados, quienes contin\u00faan ofreciendo su dedicaci\u00f3n para brindar la mejor atenci\u00f3n posible a los pacientes.<\/p>\n\n\n\n<p>Se espera que la ni\u00f1a, ahora en condiciones estables, contin\u00fae con su recuperaci\u00f3n en C\u00f3rdoba, mientras se sigue de cerca su evoluci\u00f3n. La comunidad de Rosario permanece atenta a su estado y expresa su solidaridad con la familia de la peque\u00f1a.<\/p>\n<div class=\"newspaper-x-tags\"><strong>TAGS: <\/strong><span><a href=\"https:\/\/www.rosarioalerta.com.ar\/site\/archivos\/tag\/noticias-de-rosario\" rel=\"tag\">Noticias de Rosario<\/a><\/span><a href=\"https:\/\/www.rosarioalerta.com.ar\/site\/archivos\/tag\/rosario\" rel=\"tag\">Rosario<\/a><\/span><a href=\"https:\/\/www.rosarioalerta.com.ar\/site\/archivos\/tag\/santa-fe\" rel=\"tag\">Santa Fe<\/a> <\/div>","protected":false},"excerpt":{"rendered":"<p>En un operativo conjunto entre la Municipalidad de Rosario, las provincias de Santa Fe y C\u00f3rdoba, lograron trasladar a la menor que fue atropellada En las primeras horas de la ma\u00f1ana de este viernes, un importante operativo de traslado se llev\u00f3 a cabo para asegurar la atenci\u00f3n de una ni\u00f1a de 6 a\u00f1os que result\u00f3 [&hellip;]<\/p>\n","protected":false},"author":2,"featured_media":22695,"comment_status":"open","ping_status":"open","sticky":false,"template":"","format":"standard","meta":{"_joinchat":[],"footnotes":""},"categories":[18,21,10],"tags":[95,55,65],"class_list":["post-22694","post","type-post","status-publish","format-standard","has-post-thumbnail","hentry","category-institucional","category-noticias","category-siniestros-viales","tag-noticias-de-rosario","tag-rosario","tag-santa-fe"],"_links":{"self":[{"href":"https:\/\/www.rosarioalerta.com.ar\/site\/wp-json\/wp\/v2\/posts\/22694","targetHints":{"allow":["GET"]}}],"collection":[{"href":"https:\/\/www.rosarioalerta.com.ar\/site\/wp-json\/wp\/v2\/posts"}],"about":[{"href":"https:\/\/www.rosarioalerta.com.ar\/site\/wp-json\/wp\/v2\/types\/post"}],"author":[{"embeddable":true,"href":"https:\/\/www.rosarioalerta.com.ar\/site\/wp-json\/wp\/v2\/users\/2"}],"replies":[{"embeddable":true,"href":"https:\/\/www.rosarioalerta.com.ar\/site\/wp-json\/wp\/v2\/comments?post=22694"}],"version-history":[{"count":1,"href":"https:\/\/www.rosarioalerta.com.ar\/site\/wp-json\/wp\/v2\/posts\/22694\/revisions"}],"predecessor-version":[{"id":22696,"href":"https:\/\/www.rosarioalerta.com.ar\/site\/wp-json\/wp\/v2\/posts\/22694\/revisions\/22696"}],"wp:featuredmedia":[{"embeddable":true,"href":"https:\/\/www.rosarioalerta.com.ar\/site\/wp-json\/wp\/v2\/media\/22695"}],"wp:attachment":[{"href":"https:\/\/www.rosarioalerta.com.ar\/site\/wp-json\/wp\/v2\/media?parent=22694"}],"wp:term":[{"taxonomy":"category","embeddable":true,"href":"https:\/\/www.rosarioalerta.com.ar\/site\/wp-json\/wp\/v2\/categories?post=22694"},{"taxonomy":"post_tag","embeddable":true,"href":"https:\/\/www.rosarioalerta.com.ar\/site\/wp-json\/wp\/v2\/tags?post=22694"}],"curies":[{"name":"wp","href":"https:\/\/api.w.org\/{rel}","templated":true}]}}