{"id":22461,"date":"2025-01-13T15:43:34","date_gmt":"2025-01-13T18:43:34","guid":{"rendered":"https:\/\/www.rosarioalerta.com.ar\/site\/?p=22461"},"modified":"2025-01-13T15:43:34","modified_gmt":"2025-01-13T18:43:34","slug":"anuncian-cambios-en-la-formacion-policial","status":"publish","type":"post","link":"https:\/\/www.rosarioalerta.com.ar\/site\/archivos\/22461","title":{"rendered":"Anuncian cambios en la formaci\u00f3n policial"},"content":{"rendered":"\n<p><\/p>\n\n\n\n<p>A partir de febrero, se implementar\u00e1n modificaciones en el r\u00e9gimen de internado y la b\u00fasqueda de un balance de g\u00e9nero en la Polic\u00eda<\/p>\n\n\n\n<p>El nuevo ciclo de formaci\u00f3n comenzar\u00e1 con una convocatoria de 1.200 vacantes, buscando renovar la fuerza de seguridad provincial. El Gobierno de la Provincia de Santa Fe, a trav\u00e9s del Ministerio de Justicia y Seguridad, present\u00f3 importantes cambios en la formaci\u00f3n de nuevos aspirantes a la Polic\u00eda. A partir del 3 de febrero de este a\u00f1o, comenzar\u00e1 el cursado de la cohorte 2025-2026 de la carrera de T\u00e9cnico Superior en Seguridad P\u00fablica y Ciudadana, orientada a la Formaci\u00f3n Policial, en el Instituto de Seguridad P\u00fablica (ISeP). Los nuevos egresados se incorporar\u00e1n a la Polic\u00eda Provincial con el grado de Suboficial, Escalaf\u00f3n General &#8211; Subescalaf\u00f3n Seguridad.<\/p>\n\n\n\n<p>Una de las principales modificaciones que entrar\u00e1 en vigencia est\u00e1 relacionada con los porcentajes de g\u00e9nero dentro de la fuerza. Seg\u00fan la Resoluci\u00f3n Ministerial N\u00ba 1222\/24, de las 1.200 vacantes ofrecidas, 850 estar\u00e1n destinadas a varones y 350 a mujeres. Esta decisi\u00f3n busca equilibrar la presencia de ambos g\u00e9neros en la fuerza, ya que, como explic\u00f3 el ministro de Justicia y Seguridad, Pablo Cococcioni, en 2023 el 80% de los ingresantes fueron mujeres y solo el 20% fueron varones. \u201cNecesitamos revertir esos porcentajes para alcanzar los est\u00e1ndares internacionales, donde el porcentaje de mujeres en las fuerzas de seguridad no supera el 30%\u201d, se\u00f1al\u00f3 Cococcioni.<\/p>\n\n\n\n<p>La modificaci\u00f3n responde a la necesidad de renovar la Polic\u00eda de Santa Fe, en especial el personal masculino, debido a que en 2024 el 75% de los efectivos policiales que se jubilaron fueron varones. \u201cEs indispensable reforzar la cantidad de personal masculino en actividad para garantizar un equilibrio y una fuerza policial m\u00e1s representativa\u201d, destac\u00f3 el ministro.<\/p>\n\n\n\n<p>Adem\u00e1s, se anunci\u00f3 una nueva estrategia territorial para cubrir las zonas m\u00e1s pobladas del centro y sur de la provincia. Cococcioni detall\u00f3 que la modificaci\u00f3n en el sistema de becas permitir\u00e1 asignar mayor cantidad de recursos a las regiones donde se requiere un mayor n\u00famero de efectivos. \u201cLa concentraci\u00f3n de polic\u00edas en el norte dificulta la operatividad de la fuerza en otras regiones. Necesitamos un despliegue m\u00e1s eficiente\u201d, explic\u00f3.<\/p>\n\n\n\n<p>Por su parte, la secretaria de Coordinaci\u00f3n T\u00e9cnica y Administraci\u00f3n Financiera, Georgina Orciani, agreg\u00f3 que se eval\u00faa la posibilidad de que los aspirantes mantengan su residencia en la zona donde declararon al ingresar, para evitar que se trasladen a otras regiones tras egresar.<\/p>\n\n\n\n<p>Finalmente, en cuanto a las sedes de cursado, los aspirantes ser\u00e1n distribuidos entre las sedes de Recreo y Rosario del ISeP, de acuerdo con su domicilio de origen, con el objetivo de optimizar la log\u00edstica y acercar la formaci\u00f3n a m\u00e1s localidades.<\/p>\n\n\n\n<p>Con estos cambios, el Gobierno provincial busca fortalecer la estructura de la Polic\u00eda de Santa Fe, mejorando tanto su equidad de g\u00e9nero como su eficiencia territorial, dos pilares clave para enfrentar los desaf\u00edos de seguridad en la provincia.<\/p>\n<div class=\"newspaper-x-tags\"><strong>TAGS: <\/strong><span><a href=\"https:\/\/www.rosarioalerta.com.ar\/site\/archivos\/tag\/instituto-de-seguridad-publica\" rel=\"tag\">Instituto de Seguridad P\u00fablica<\/a><\/span><a href=\"https:\/\/www.rosarioalerta.com.ar\/site\/archivos\/tag\/isep\" rel=\"tag\">ISEP<\/a><\/span><a href=\"https:\/\/www.rosarioalerta.com.ar\/site\/archivos\/tag\/noticias-de-rosario\" rel=\"tag\">Noticias de Rosario<\/a><\/span><a href=\"https:\/\/www.rosarioalerta.com.ar\/site\/archivos\/tag\/rosario\" rel=\"tag\">Rosario<\/a><\/span><a href=\"https:\/\/www.rosarioalerta.com.ar\/site\/archivos\/tag\/santa-fe\" rel=\"tag\">Santa Fe<\/a> <\/div>","protected":false},"excerpt":{"rendered":"<p>A partir de febrero, se implementar\u00e1n modificaciones en el r\u00e9gimen de internado y la b\u00fasqueda de un balance de g\u00e9nero en la Polic\u00eda El nuevo ciclo de formaci\u00f3n comenzar\u00e1 con una convocatoria de 1.200 vacantes, buscando renovar la fuerza de seguridad provincial. El Gobierno de la Provincia de Santa Fe, a trav\u00e9s del Ministerio de [&hellip;]<\/p>\n","protected":false},"author":2,"featured_media":22462,"comment_status":"open","ping_status":"open","sticky":false,"template":"","format":"standard","meta":{"_joinchat":[],"footnotes":""},"categories":[18,21,14],"tags":[1185,482,95,55,65],"class_list":["post-22461","post","type-post","status-publish","format-standard","has-post-thumbnail","hentry","category-institucional","category-noticias","category-policiales","tag-instituto-de-seguridad-publica","tag-isep","tag-noticias-de-rosario","tag-rosario","tag-santa-fe"],"_links":{"self":[{"href":"https:\/\/www.rosarioalerta.com.ar\/site\/wp-json\/wp\/v2\/posts\/22461","targetHints":{"allow":["GET"]}}],"collection":[{"href":"https:\/\/www.rosarioalerta.com.ar\/site\/wp-json\/wp\/v2\/posts"}],"about":[{"href":"https:\/\/www.rosarioalerta.com.ar\/site\/wp-json\/wp\/v2\/types\/post"}],"author":[{"embeddable":true,"href":"https:\/\/www.rosarioalerta.com.ar\/site\/wp-json\/wp\/v2\/users\/2"}],"replies":[{"embeddable":true,"href":"https:\/\/www.rosarioalerta.com.ar\/site\/wp-json\/wp\/v2\/comments?post=22461"}],"version-history":[{"count":1,"href":"https:\/\/www.rosarioalerta.com.ar\/site\/wp-json\/wp\/v2\/posts\/22461\/revisions"}],"predecessor-version":[{"id":22463,"href":"https:\/\/www.rosarioalerta.com.ar\/site\/wp-json\/wp\/v2\/posts\/22461\/revisions\/22463"}],"wp:featuredmedia":[{"embeddable":true,"href":"https:\/\/www.rosarioalerta.com.ar\/site\/wp-json\/wp\/v2\/media\/22462"}],"wp:attachment":[{"href":"https:\/\/www.rosarioalerta.com.ar\/site\/wp-json\/wp\/v2\/media?parent=22461"}],"wp:term":[{"taxonomy":"category","embeddable":true,"href":"https:\/\/www.rosarioalerta.com.ar\/site\/wp-json\/wp\/v2\/categories?post=22461"},{"taxonomy":"post_tag","embeddable":true,"href":"https:\/\/www.rosarioalerta.com.ar\/site\/wp-json\/wp\/v2\/tags?post=22461"}],"curies":[{"name":"wp","href":"https:\/\/api.w.org\/{rel}","templated":true}]}}