{"id":22314,"date":"2025-01-06T08:45:44","date_gmt":"2025-01-06T11:45:44","guid":{"rendered":"https:\/\/www.rosarioalerta.com.ar\/site\/?p=22314"},"modified":"2025-01-06T08:45:48","modified_gmt":"2025-01-06T11:45:48","slug":"lorena-verdun-inicio-una-huelga-de-hambre-por-la-prohibicion-de-ver-a-su-hijo","status":"publish","type":"post","link":"https:\/\/www.rosarioalerta.com.ar\/site\/archivos\/22314","title":{"rendered":"Lorena Verd\u00fan, inici\u00f3 una huelga de hambre por la prohibici\u00f3n de ver a su hijo"},"content":{"rendered":"\n<p><\/p>\n\n\n\n<p>Se trata de la <strong>viuda del P\u00e1jaro Cantero<\/strong>, quien reclama por ver a Lucho Cantero, ambos condenados y a la espera de otros juicios<\/p>\n\n\n\n<p>La mujer, quien se encuentra encarcelada en Ezeiza, denuncia una grave vulneraci\u00f3n de derechos al no poder tener contacto con su hijo <strong>Luciano \u201cLucho\u201d Cantero<\/strong>, tambi\u00e9n <strong>detenido en Marcos Paz<\/strong>. Ambos enfrentan cargos graves por asociaci\u00f3n il\u00edcita y otros delitos federales.<\/p>\n\n\n\n<p><strong>Lorena Verd\u00fan<\/strong>, conocida por ser la viuda de <strong>Claudio &#8220;P\u00e1jaro&#8221; Cantero<\/strong>, el fallecido l\u00edder de la <strong>banda Los Monos<\/strong>, ha iniciado una huelga de hambre en la <strong>Unidad Penitenciaria N\u00ba 4 de Ezeiza<\/strong> en protesta por la prohibici\u00f3n de mantener contacto con su hijo, <strong>Luciano \u201cLucho\u201d Cantero<\/strong>, quien se encuentra detenido en el Co<strong>mplejo Penitenciario Federal de Marcos Paz. <\/strong>Seg\u00fan la denuncia de <strong>Verd\u00fan<\/strong>, esta situaci\u00f3n ya lleva dos a\u00f1os y ha afectado gravemente su bienestar emocional y f\u00edsico.<\/p>\n\n\n\n<p><strong>\u201cMe proh\u00edben ver a mi hijo, me est\u00e1n negando un derecho\u201d,<\/strong> expres\u00f3 <strong>Verd\u00fan<\/strong> en su declaraci\u00f3n, subrayando que se trata de una restricci\u00f3n que considera injusta y que ha repercutido en su salud. La mujer, que tambi\u00e9n est\u00e1 detenida por su vinculaci\u00f3n con la organizaci\u00f3n delictiva liderada por su hijo, ha informado a los tribunales correspondientes sobre su huelga y espera que se tomen acciones para resolver la situaci\u00f3n.<\/p>\n\n\n\n<p><strong>Luciano &#8220;Lucho&#8221; Cantero<\/strong>, de 24 a\u00f1os, est\u00e1 acusado de liderar una de las ramas de <strong>Los Monos<\/strong> y de estar involucrado en el doble crimen de los barras de <strong>Rosario Central<\/strong>. Adem\u00e1s, enfrenta una serie de cargos relacionados con la <strong>asociaci\u00f3n il\u00edcita, narcotr\u00e1fico y otros delitos federales<\/strong>, aunque a\u00fan est\u00e1 a la espera de un juicio. Su madre, <strong>Verd\u00fan<\/strong>, tambi\u00e9n est\u00e1 implicada en los cr\u00edmenes, y recientemente <strong>fue condenada<\/strong> a <strong>13 a\u00f1os de prisi\u00f3n por integrar<\/strong> la <strong>organizaci\u00f3n il\u00edcita<\/strong> que lidera su hijo, junto con otros cargos relacionados con el narcotr\u00e1fico.<\/p>\n\n\n\n<p>En noviembre de 2024, <strong>Lorena Verd\u00fan<\/strong> acept\u00f3 un juicio abreviado y fue condenada a ocho a\u00f1os de prisi\u00f3n por ser parte de la banda que dirig\u00eda su hijo. La sentencia incluy\u00f3 la tenencia ilegal de un arma que fue hallada en su domicilio en <strong>Barrio La Granada<\/strong>, en enero de 2022. A esta condena se le sum\u00f3 una pena unificada de 13 a\u00f1os debido a una sentencia previa por narcotr\u00e1fico, emitida en 2019.<\/p>\n\n\n\n<p>El caso de la familia <strong>Cantero<\/strong> refleja la complejidad de los nexos familiares dentro de las organizaciones criminales, donde los lazos de parentesco juegan un papel fundamental en las estructuras delictivas. Seg\u00fan los fiscales, <strong>&#8220;Lucho&#8221; Cantero<\/strong> se ha consolidado como el nuev<strong>o l\u00edder de Los Monos <\/strong>y contin\u00faa operando en distintos barrios de Rosario, mientras su madre sigue siendo una pieza clave en el entramado de la banda.<\/p>\n\n\n\n<p>La situaci\u00f3n de <strong>Lorena Verd\u00fan<\/strong>, quien lucha por recuperar el contacto con su hijo, ha generado controversia y ha puesto de manifiesto las dif\u00edciles condiciones que enfrentan aquellos vinculados a grupos delictivos. La huelga de hambre, que ya ha durado varios d\u00edas, contin\u00faa siendo un tema de preocupaci\u00f3n en el \u00e1mbito judicial y de derechos humanos, dado el impacto que tiene sobre la salud de la detenida.<\/p>\n\n\n\n<p>Este es un caso en desarrollo, por lo que se espera que los tribunales tomen nuevas decisiones al respecto, mientras <strong>Verd\u00fan<\/strong> sigue con su protesta en busca de una soluci\u00f3n a su situaci\u00f3n y la de su hijo, con quienes no tiene contacto desde hace dos a\u00f1os.<\/p>\n<div class=\"newspaper-x-tags\"><strong>TAGS: <\/strong><span><a href=\"https:\/\/www.rosarioalerta.com.ar\/site\/archivos\/tag\/lorena-verdun\" rel=\"tag\">Lorena Verd\u00fan<\/a><\/span><a href=\"https:\/\/www.rosarioalerta.com.ar\/site\/archivos\/tag\/los-canteros\" rel=\"tag\">Los Canteros<\/a><\/span><a href=\"https:\/\/www.rosarioalerta.com.ar\/site\/archivos\/tag\/los-monos\" rel=\"tag\">Los Monos<\/a><\/span><a href=\"https:\/\/www.rosarioalerta.com.ar\/site\/archivos\/tag\/luciano-lucho-cantero\" rel=\"tag\">Luciano &#8220;Lucho&#8221; Cantero<\/a><\/span><a href=\"https:\/\/www.rosarioalerta.com.ar\/site\/archivos\/tag\/noticias-de-rosario\" rel=\"tag\">Noticias de Rosario<\/a><\/span><a href=\"https:\/\/www.rosarioalerta.com.ar\/site\/archivos\/tag\/rosario\" rel=\"tag\">Rosario<\/a><\/span><a href=\"https:\/\/www.rosarioalerta.com.ar\/site\/archivos\/tag\/santa-fe\" rel=\"tag\">Santa Fe<\/a> <\/div>","protected":false},"excerpt":{"rendered":"<p>Se trata de la viuda del P\u00e1jaro Cantero, quien reclama por ver a Lucho Cantero, ambos condenados y a la espera de otros juicios La mujer, quien se encuentra encarcelada en Ezeiza, denuncia una grave vulneraci\u00f3n de derechos al no poder tener contacto con su hijo Luciano \u201cLucho\u201d Cantero, tambi\u00e9n detenido en Marcos Paz. Ambos [&hellip;]<\/p>\n","protected":false},"author":2,"featured_media":22315,"comment_status":"open","ping_status":"open","sticky":false,"template":"","format":"standard","meta":{"_joinchat":[],"footnotes":""},"categories":[18,13,21,14],"tags":[1126,311,77,1158,95,55,65],"class_list":["post-22314","post","type-post","status-publish","format-standard","has-post-thumbnail","hentry","category-institucional","category-judiciales","category-noticias","category-policiales","tag-lorena-verdun","tag-los-canteros","tag-los-monos","tag-luciano-lucho-cantero","tag-noticias-de-rosario","tag-rosario","tag-santa-fe"],"_links":{"self":[{"href":"https:\/\/www.rosarioalerta.com.ar\/site\/wp-json\/wp\/v2\/posts\/22314","targetHints":{"allow":["GET"]}}],"collection":[{"href":"https:\/\/www.rosarioalerta.com.ar\/site\/wp-json\/wp\/v2\/posts"}],"about":[{"href":"https:\/\/www.rosarioalerta.com.ar\/site\/wp-json\/wp\/v2\/types\/post"}],"author":[{"embeddable":true,"href":"https:\/\/www.rosarioalerta.com.ar\/site\/wp-json\/wp\/v2\/users\/2"}],"replies":[{"embeddable":true,"href":"https:\/\/www.rosarioalerta.com.ar\/site\/wp-json\/wp\/v2\/comments?post=22314"}],"version-history":[{"count":1,"href":"https:\/\/www.rosarioalerta.com.ar\/site\/wp-json\/wp\/v2\/posts\/22314\/revisions"}],"predecessor-version":[{"id":22316,"href":"https:\/\/www.rosarioalerta.com.ar\/site\/wp-json\/wp\/v2\/posts\/22314\/revisions\/22316"}],"wp:featuredmedia":[{"embeddable":true,"href":"https:\/\/www.rosarioalerta.com.ar\/site\/wp-json\/wp\/v2\/media\/22315"}],"wp:attachment":[{"href":"https:\/\/www.rosarioalerta.com.ar\/site\/wp-json\/wp\/v2\/media?parent=22314"}],"wp:term":[{"taxonomy":"category","embeddable":true,"href":"https:\/\/www.rosarioalerta.com.ar\/site\/wp-json\/wp\/v2\/categories?post=22314"},{"taxonomy":"post_tag","embeddable":true,"href":"https:\/\/www.rosarioalerta.com.ar\/site\/wp-json\/wp\/v2\/tags?post=22314"}],"curies":[{"name":"wp","href":"https:\/\/api.w.org\/{rel}","templated":true}]}}