{"id":22304,"date":"2025-01-06T07:57:47","date_gmt":"2025-01-06T10:57:47","guid":{"rendered":"https:\/\/www.rosarioalerta.com.ar\/site\/?p=22304"},"modified":"2025-01-06T07:57:50","modified_gmt":"2025-01-06T10:57:50","slug":"homicidio-en-barrio-los-graficos","status":"publish","type":"post","link":"https:\/\/www.rosarioalerta.com.ar\/site\/archivos\/22304","title":{"rendered":"Homicidio en Barrio Los Gr\u00e1ficos"},"content":{"rendered":"\n<p><\/p>\n\n\n\n<p>Un hombre de 28 a\u00f1os es asesinado de un disparo en la espalda<\/p>\n\n\n\n<p>El crimen ocurri\u00f3 en la noche del 5 de enero en una de las zonas m\u00e1s conflictivas de Rosario, sumando otro asesinato en lo que va del a\u00f1o. Pasadas las 21, un hecho de violencia sacudi\u00f3 la tranquilidad de la zona oeste de Rosario. El crimen ocurri\u00f3 en calle <strong>Mateo Booz al 9000<\/strong>, en el coraz\u00f3n del <strong>Barrio Los Gr\u00e1ficos<\/strong>, una de las \u00e1reas m\u00e1s afectadas por la inseguridad en la ciudad. La polic\u00eda fue alertada por la central operativa del 911, que envi\u00f3 r\u00e1pidamente un equipo de intervenci\u00f3n a la escena.<\/p>\n\n\n\n<p>Al arribar al lugar, los agentes encontraron a un grupo de personas que les hicieron se\u00f1as para indicar el lugar exacto del hecho. Dentro de la vivienda, hallaron a un hombre tendido en el suelo, aparentemente sin signos vitales. El cuerpo correspond\u00eda a <strong>Lucas Leonel Urrutia, un hombre de 28 a\u00f1os<\/strong>, quien, seg\u00fan los primeros ex\u00e1menes, <strong>presentaba heridas de bala en la espalda.<\/strong><\/p>\n\n\n\n<p>Poco despu\u00e9s, arrib\u00f3 una ambulancia del <strong>SIES<\/strong> para confirmar el deceso. Un casquillo de bala fue encontrado en el suelo, lo que reforz\u00f3 la hip\u00f3tesis de que la causa de la muerte hab\u00eda sido un disparo a corta distancia.<\/p>\n\n\n\n<p>Interviene en el caso, la fiscal de la <strong>Unidad de<\/strong> <strong>Homicidios Dolosos<\/strong>, en turno, <strong>Marisol Fabbro<\/strong>. La fiscal solicit\u00f3 la intervenci\u00f3n del gabinete completo de investigaciones y el de inform\u00e1tica, para proceder con el relevamiento de c\u00e1maras de seguridad de la zona y obtener cualquier prueba que pudiera ayudar a esclarecer el crimen. Adem\u00e1s, se dispuso que los testigos presenciales fueran citados a declarar en la Fiscal\u00eda el lunes siguiente.<\/p>\n\n\n\n<p>Este homicidio representa el cuarto asesinato en el departamento Rosario desde el inicio de 2025, lo que evidencia la persistente violencia que afecta a la regi\u00f3n<\/p>\n<div class=\"newspaper-x-tags\"><strong>TAGS: <\/strong><span><a href=\"https:\/\/www.rosarioalerta.com.ar\/site\/archivos\/tag\/noticias-de-rosario\" rel=\"tag\">Noticias de Rosario<\/a><\/span><a href=\"https:\/\/www.rosarioalerta.com.ar\/site\/archivos\/tag\/rosario\" rel=\"tag\">Rosario<\/a><\/span><a href=\"https:\/\/www.rosarioalerta.com.ar\/site\/archivos\/tag\/santa-fe\" rel=\"tag\">Santa Fe<\/a> <\/div>","protected":false},"excerpt":{"rendered":"<p>Un hombre de 28 a\u00f1os es asesinado de un disparo en la espalda El crimen ocurri\u00f3 en la noche del 5 de enero en una de las zonas m\u00e1s conflictivas de Rosario, sumando otro asesinato en lo que va del a\u00f1o. Pasadas las 21, un hecho de violencia sacudi\u00f3 la tranquilidad de la zona oeste [&hellip;]<\/p>\n","protected":false},"author":2,"featured_media":22305,"comment_status":"open","ping_status":"open","sticky":false,"template":"","format":"standard","meta":{"_joinchat":[],"footnotes":""},"categories":[15,6,21,14],"tags":[95,55,65],"class_list":["post-22304","post","type-post","status-publish","format-standard","has-post-thumbnail","hentry","category-balaceras","category-homicidios","category-noticias","category-policiales","tag-noticias-de-rosario","tag-rosario","tag-santa-fe"],"_links":{"self":[{"href":"https:\/\/www.rosarioalerta.com.ar\/site\/wp-json\/wp\/v2\/posts\/22304","targetHints":{"allow":["GET"]}}],"collection":[{"href":"https:\/\/www.rosarioalerta.com.ar\/site\/wp-json\/wp\/v2\/posts"}],"about":[{"href":"https:\/\/www.rosarioalerta.com.ar\/site\/wp-json\/wp\/v2\/types\/post"}],"author":[{"embeddable":true,"href":"https:\/\/www.rosarioalerta.com.ar\/site\/wp-json\/wp\/v2\/users\/2"}],"replies":[{"embeddable":true,"href":"https:\/\/www.rosarioalerta.com.ar\/site\/wp-json\/wp\/v2\/comments?post=22304"}],"version-history":[{"count":1,"href":"https:\/\/www.rosarioalerta.com.ar\/site\/wp-json\/wp\/v2\/posts\/22304\/revisions"}],"predecessor-version":[{"id":22306,"href":"https:\/\/www.rosarioalerta.com.ar\/site\/wp-json\/wp\/v2\/posts\/22304\/revisions\/22306"}],"wp:featuredmedia":[{"embeddable":true,"href":"https:\/\/www.rosarioalerta.com.ar\/site\/wp-json\/wp\/v2\/media\/22305"}],"wp:attachment":[{"href":"https:\/\/www.rosarioalerta.com.ar\/site\/wp-json\/wp\/v2\/media?parent=22304"}],"wp:term":[{"taxonomy":"category","embeddable":true,"href":"https:\/\/www.rosarioalerta.com.ar\/site\/wp-json\/wp\/v2\/categories?post=22304"},{"taxonomy":"post_tag","embeddable":true,"href":"https:\/\/www.rosarioalerta.com.ar\/site\/wp-json\/wp\/v2\/tags?post=22304"}],"curies":[{"name":"wp","href":"https:\/\/api.w.org\/{rel}","templated":true}]}}