{"id":22296,"date":"2025-01-04T21:48:52","date_gmt":"2025-01-05T00:48:52","guid":{"rendered":"https:\/\/www.rosarioalerta.com.ar\/site\/?p=22296"},"modified":"2025-01-04T21:48:54","modified_gmt":"2025-01-05T00:48:54","slug":"un-hombre-muere-tras-una-pelea-con-su-hermano","status":"publish","type":"post","link":"https:\/\/www.rosarioalerta.com.ar\/site\/archivos\/22296","title":{"rendered":"Un hombre muere tras una pelea con su hermano"},"content":{"rendered":"\n<p><\/p>\n\n\n\n<p>El hecho se registr\u00f3 en la tarde del s\u00e1bado en Villa Gobernador G\u00e1lvez<\/p>\n\n\n\n<p>A plena luz del d\u00eda, un hecho de violencia sacudi\u00f3 las calles del sur del conurbano rosarino. <strong>\u00c1ngel Mart\u00edn Maldonado<\/strong>, un hombre de 40 a\u00f1os, fue v\u00edctima de un homicidio alrededor de las 13 en <strong>Pasaje 1 al 2400<\/strong>, en la vecina localidad de <strong>Villa Gobernador G\u00e1lvez<\/strong> tras mantener una discusi\u00f3n con su hermano, quien qued\u00f3 detenido.<\/p>\n\n\n\n<p>Seg\u00fan los primeros datos recabados, el incidente comenz\u00f3 con una pelea entre <strong>Maldonado<\/strong> y su hermano, en pleno espacio p\u00fablico. Testigos del suceso indicaron que, durante el altercado, la v\u00edctima recibi\u00f3 un disparo de arma de fuego en el abdomen. A pesar de los esfuerzos de sus familiares por asistirlo, traslad\u00e1ndolo r\u00e1pidamente en un veh\u00edculo particular hasta el <strong>Hospital Roque S\u00e1enz Pe\u00f1a<\/strong>, <strong>Maldonado<\/strong> falleci\u00f3 debido a la gravedad de la herida.<\/p>\n\n\n\n<p>La <strong>Fiscal de la Unidad de Homicidios Dolosos, Marisol Fabbro<\/strong>, fue notificada del hecho poco despu\u00e9s de ocurrido y dispuso de inmediato la intervenci\u00f3n del <strong>Gabinete Criminal\u00edstico de la PDI<\/strong> para realizar un exhaustivo relevamiento de la escena del crimen, donde tomaron fotograf\u00edas y levantaron rastros que podr\u00edan ser claves para la investigaci\u00f3n. Adem\u00e1s, orden\u00f3 la b\u00fasqueda de c\u00e1maras de seguridad en la zona para intentar identificar con mayor precisi\u00f3n lo sucedido y a los involucrados en el enfrentamiento.<\/p>\n\n\n\n<p>Durante las primeras horas de la investigaci\u00f3n, las autoridades pudieron establecer que una persona fue detenida en relaci\u00f3n al crimen. Se trata de un sujeto de 38 a\u00f1os, quien est\u00e1 siendo se\u00f1alado como el principal sospechoso del homicidio y qui\u00e9n adem\u00e1s ser\u00eda el hermano de la v\u00edctima. A partir de los testimonios recabados y las pruebas recolectadas en el lugar, se avanzar\u00e1 en la reconstrucci\u00f3n de los hechos.<\/p>\n\n\n\n<p>Las autoridades siguen trabajando en el esclarecimiento del caso, mientras la fiscal <strong>Fabbro<\/strong> contin\u00faa con las diligencias pertinentes para determinar el m\u00f3vil del crimen y las responsabilidades penales correspondientes.<\/p>\n<div class=\"newspaper-x-tags\"><strong>TAGS: <\/strong><span><a href=\"https:\/\/www.rosarioalerta.com.ar\/site\/archivos\/tag\/noticias-de-vgg\" rel=\"tag\">Noticias de VGG<\/a><\/span><a href=\"https:\/\/www.rosarioalerta.com.ar\/site\/archivos\/tag\/rosario\" rel=\"tag\">Rosario<\/a><\/span><a href=\"https:\/\/www.rosarioalerta.com.ar\/site\/archivos\/tag\/santa-fe\" rel=\"tag\">Santa Fe<\/a><\/span><a href=\"https:\/\/www.rosarioalerta.com.ar\/site\/archivos\/tag\/vgg\" rel=\"tag\">VGG<\/a> <\/div>","protected":false},"excerpt":{"rendered":"<p>El hecho se registr\u00f3 en la tarde del s\u00e1bado en Villa Gobernador G\u00e1lvez A plena luz del d\u00eda, un hecho de violencia sacudi\u00f3 las calles del sur del conurbano rosarino. \u00c1ngel Mart\u00edn Maldonado, un hombre de 40 a\u00f1os, fue v\u00edctima de un homicidio alrededor de las 13 en Pasaje 1 al 2400, en la vecina [&hellip;]<\/p>\n","protected":false},"author":2,"featured_media":22297,"comment_status":"open","ping_status":"open","sticky":false,"template":"","format":"standard","meta":{"_joinchat":[],"footnotes":""},"categories":[15,11,6,21,14],"tags":[94,55,65,60],"class_list":["post-22296","post","type-post","status-publish","format-standard","has-post-thumbnail","hentry","category-balaceras","category-detenidos","category-homicidios","category-noticias","category-policiales","tag-noticias-de-vgg","tag-rosario","tag-santa-fe","tag-vgg"],"_links":{"self":[{"href":"https:\/\/www.rosarioalerta.com.ar\/site\/wp-json\/wp\/v2\/posts\/22296","targetHints":{"allow":["GET"]}}],"collection":[{"href":"https:\/\/www.rosarioalerta.com.ar\/site\/wp-json\/wp\/v2\/posts"}],"about":[{"href":"https:\/\/www.rosarioalerta.com.ar\/site\/wp-json\/wp\/v2\/types\/post"}],"author":[{"embeddable":true,"href":"https:\/\/www.rosarioalerta.com.ar\/site\/wp-json\/wp\/v2\/users\/2"}],"replies":[{"embeddable":true,"href":"https:\/\/www.rosarioalerta.com.ar\/site\/wp-json\/wp\/v2\/comments?post=22296"}],"version-history":[{"count":1,"href":"https:\/\/www.rosarioalerta.com.ar\/site\/wp-json\/wp\/v2\/posts\/22296\/revisions"}],"predecessor-version":[{"id":22298,"href":"https:\/\/www.rosarioalerta.com.ar\/site\/wp-json\/wp\/v2\/posts\/22296\/revisions\/22298"}],"wp:featuredmedia":[{"embeddable":true,"href":"https:\/\/www.rosarioalerta.com.ar\/site\/wp-json\/wp\/v2\/media\/22297"}],"wp:attachment":[{"href":"https:\/\/www.rosarioalerta.com.ar\/site\/wp-json\/wp\/v2\/media?parent=22296"}],"wp:term":[{"taxonomy":"category","embeddable":true,"href":"https:\/\/www.rosarioalerta.com.ar\/site\/wp-json\/wp\/v2\/categories?post=22296"},{"taxonomy":"post_tag","embeddable":true,"href":"https:\/\/www.rosarioalerta.com.ar\/site\/wp-json\/wp\/v2\/tags?post=22296"}],"curies":[{"name":"wp","href":"https:\/\/api.w.org\/{rel}","templated":true}]}}