{"id":22269,"date":"2025-01-03T08:14:24","date_gmt":"2025-01-03T11:14:24","guid":{"rendered":"https:\/\/www.rosarioalerta.com.ar\/site\/?p=22269"},"modified":"2025-01-03T08:14:25","modified_gmt":"2025-01-03T11:14:25","slug":"volco-un-camion-sobre-circunvalacion","status":"publish","type":"post","link":"https:\/\/www.rosarioalerta.com.ar\/site\/archivos\/22269","title":{"rendered":"Volc\u00f3 un cami\u00f3n sobre Circunvalaci\u00f3n"},"content":{"rendered":"\n<p><\/p>\n\n\n\n<p>El conductor del cami\u00f3n sufri\u00f3 m\u00faltiples traumatismos y fue trasladado en el helic\u00f3ptero sanitario<\/p>\n\n\n\n<p>Ayer pasado el mediod\u00eda, un grave siniestro vial moviliz\u00f3 a los efectivos de la U.R. II &#8211; Cuerpo Guardia Infanter\u00eda de Rosario. El siniestro tuvo lugar en la bajada de Circunvalaci\u00f3n a la Autopista Buenos Aires, en el carril sur, cuando un cami\u00f3n que circulaba por la zona volc\u00f3 y termin\u00f3 fuera de control. Afortunadamente, el conductor fue r\u00e1pidamente socorrido por testigos y, aunque sufri\u00f3 m\u00faltiples lesiones, su vida no corre peligro.<\/p>\n\n\n\n<p>Los polic\u00edas recibieron la alerta de un tercero mientras realizaban tareas de relevamiento en la autopista Buenos Aires. El aviso indicaba que un cami\u00f3n hab\u00eda volcado en la bajada de Circunvalaci\u00f3n con direcci\u00f3n a la autopista, por lo que inmediatamente se dirigieron al lugar de los hechos.<\/p>\n\n\n\n<p>Al llegar a la escena, confirmaron la veracidad del accidente y observaron que ya hab\u00eda personas que hab\u00edan intervenido para auxiliar al conductor. El hombre, identificado como Cristian Fernando Y hab\u00eda quedado atrapado en la cabina del cami\u00f3n despu\u00e9s de que este volcara. Los testigos, entre los que se encontraba un trabajador de una obra cercana, Camilo Alfredo P., informaron que en el momento del accidente escucharon una explosi\u00f3n proveniente del veh\u00edculo, lo que gener\u00f3 gran preocupaci\u00f3n en el lugar. Tras el incidente, el trabajador y otros testigos se acercaron r\u00e1pidamente para socorrer al conductor y, con su ayuda, lograron sacarlo de la cabina.<\/p>\n\n\n\n<p>Una vez que el hombre fue rescatado, se dio aviso inmediato a la <strong>Central de Emergencias del 911 <\/strong>y solicitaron una ambulancia para el traslado del conductor, aunque lleg\u00f3 antes el <strong>helic\u00f3ptero<\/strong> <strong>UTV<\/strong> y fue trasladado al <strong>Hospital de Emergencias Clemente \u00c1lvarez<\/strong> (HECA) con traumatismos varios<\/p>\n\n\n\n<p>Tras la atenci\u00f3n inicial, los agentes de polic\u00eda recolectaron todos los datos pertinentes, realizaron las actas correspondientes y, una vez completada la documentaci\u00f3n, se dirigieron a la <strong>Comisar\u00eda 21\u00ba<\/strong> debido a razones territoriales para continuar con las diligencias.<\/p>\n\n\n\n<p>Afortunadamente, el conductor del cami\u00f3n se encuentra fuera de peligro, aunque se le diagnosticaron varias lesiones. Las autoridades contin\u00faan investigando las causas del siniestro, aunque se descarta por el momento que haya sido provocado por alg\u00fan factor ajeno al conductor o a la mec\u00e1nica del veh\u00edculo. La r\u00e1pida intervenci\u00f3n de los testigos y los servicios de emergencia permiti\u00f3 que la situaci\u00f3n no tuviera consecuencias m\u00e1s graves.<\/p>\n<div class=\"newspaper-x-tags\"><strong>TAGS: <\/strong><span><a href=\"https:\/\/www.rosarioalerta.com.ar\/site\/archivos\/tag\/noticias-de-rosario\" rel=\"tag\">Noticias de Rosario<\/a><\/span><a href=\"https:\/\/www.rosarioalerta.com.ar\/site\/archivos\/tag\/rosario\" rel=\"tag\">Rosario<\/a><\/span><a href=\"https:\/\/www.rosarioalerta.com.ar\/site\/archivos\/tag\/santa-fe\" rel=\"tag\">Santa Fe<\/a> <\/div>","protected":false},"excerpt":{"rendered":"<p>El conductor del cami\u00f3n sufri\u00f3 m\u00faltiples traumatismos y fue trasladado en el helic\u00f3ptero sanitario Ayer pasado el mediod\u00eda, un grave siniestro vial moviliz\u00f3 a los efectivos de la U.R. II &#8211; Cuerpo Guardia Infanter\u00eda de Rosario. El siniestro tuvo lugar en la bajada de Circunvalaci\u00f3n a la Autopista Buenos Aires, en el carril sur, cuando [&hellip;]<\/p>\n","protected":false},"author":2,"featured_media":22270,"comment_status":"open","ping_status":"open","sticky":false,"template":"","format":"standard","meta":{"_joinchat":[],"footnotes":""},"categories":[21,14,10],"tags":[95,55,65],"class_list":["post-22269","post","type-post","status-publish","format-standard","has-post-thumbnail","hentry","category-noticias","category-policiales","category-siniestros-viales","tag-noticias-de-rosario","tag-rosario","tag-santa-fe"],"_links":{"self":[{"href":"https:\/\/www.rosarioalerta.com.ar\/site\/wp-json\/wp\/v2\/posts\/22269","targetHints":{"allow":["GET"]}}],"collection":[{"href":"https:\/\/www.rosarioalerta.com.ar\/site\/wp-json\/wp\/v2\/posts"}],"about":[{"href":"https:\/\/www.rosarioalerta.com.ar\/site\/wp-json\/wp\/v2\/types\/post"}],"author":[{"embeddable":true,"href":"https:\/\/www.rosarioalerta.com.ar\/site\/wp-json\/wp\/v2\/users\/2"}],"replies":[{"embeddable":true,"href":"https:\/\/www.rosarioalerta.com.ar\/site\/wp-json\/wp\/v2\/comments?post=22269"}],"version-history":[{"count":1,"href":"https:\/\/www.rosarioalerta.com.ar\/site\/wp-json\/wp\/v2\/posts\/22269\/revisions"}],"predecessor-version":[{"id":22271,"href":"https:\/\/www.rosarioalerta.com.ar\/site\/wp-json\/wp\/v2\/posts\/22269\/revisions\/22271"}],"wp:featuredmedia":[{"embeddable":true,"href":"https:\/\/www.rosarioalerta.com.ar\/site\/wp-json\/wp\/v2\/media\/22270"}],"wp:attachment":[{"href":"https:\/\/www.rosarioalerta.com.ar\/site\/wp-json\/wp\/v2\/media?parent=22269"}],"wp:term":[{"taxonomy":"category","embeddable":true,"href":"https:\/\/www.rosarioalerta.com.ar\/site\/wp-json\/wp\/v2\/categories?post=22269"},{"taxonomy":"post_tag","embeddable":true,"href":"https:\/\/www.rosarioalerta.com.ar\/site\/wp-json\/wp\/v2\/tags?post=22269"}],"curies":[{"name":"wp","href":"https:\/\/api.w.org\/{rel}","templated":true}]}}