{"id":22145,"date":"2024-12-27T09:29:19","date_gmt":"2024-12-27T12:29:19","guid":{"rendered":"https:\/\/www.rosarioalerta.com.ar\/site\/?p=22145"},"modified":"2024-12-27T09:29:29","modified_gmt":"2024-12-27T12:29:29","slug":"imputaron-a-pitito-y-a-su-primo-por-robar-el-celular-de-pillin-y-rana","status":"publish","type":"post","link":"https:\/\/www.rosarioalerta.com.ar\/site\/archivos\/22145","title":{"rendered":"Imputaron a \u201cPitito\u201d y a su primo por robar el celular de \u201cPillin y Rana\u201d"},"content":{"rendered":"\n<p><\/p>\n\n\n\n<p>Leopoldo Mart\u00ednez y su primo fueron imputados por robar el tel\u00e9fono de la v\u00edctima de un ataque a tiros ocurrido en <strong>Avellaneda 700 bis<\/strong><\/p>\n\n\n\n<p>El fiscal destac\u00f3 la importancia de este tel\u00e9fono en la investigaci\u00f3n, que ahora se encuentra comprometida, tras imputar a <strong>Leopoldo \u201cPitito\u201d Mart\u00ednez <\/strong>y su primo por el robo del tel\u00e9fono m\u00f3vil de la v\u00edctima, <strong>Attardo<\/strong>, en la escena del crimen de un ataque a tiros ocurrido en <strong>Avellaneda 700 bis<\/strong>. Este hecho, que tuvo lugar en las primeras horas de un d\u00eda reciente, es un punto clave en la investigaci\u00f3n de un crimen que sigue en marcha.<\/p>\n\n\n\n<p>El robo del tel\u00e9fono de <strong>Attardo<\/strong> ha generado gran preocupaci\u00f3n entre las autoridades, ya que este dispositivo podr\u00eda contener informaci\u00f3n vital para esclarecer los hechos ocurridos en el ataque. &#8220;El tel\u00e9fono podr\u00eda haber incluido mensajes o indicios que pudieran ayudar a desentra\u00f1ar los motivos y responsables de este crimen&#8221;, declar\u00f3 <strong>Ferlazzo<\/strong>. El fiscal no solo imput\u00f3 a <strong>Mart\u00ednez<\/strong> y su primo por el robo, sino tambi\u00e9n por un aspecto que considera relevante: <strong>Mart\u00ednez<\/strong> minti\u00f3 al declarar que estaba lejos de la camioneta S-10 en el momento del ataque, cuando, seg\u00fan las pruebas, se encontraba cerca del veh\u00edculo, sin moverse ni intentar perseguir a los atacantes.<\/p>\n\n\n\n<p>El hecho de que <strong>Mart\u00ednez<\/strong>, quien fue quien traslad\u00f3 al moribundo <strong>Pill\u00edn<\/strong> <strong>Bracamonte<\/strong> hasta el <strong>Hospital Centenario<\/strong>, no haya reaccionado tras el tiroteo, ni haya intentado alertar a otros, tambi\u00e9n fue un punto destacado por el fiscal. A pesar de que no se le ha responsabilizado directamente por el ataque, la actitud de <strong>Mart\u00ednez<\/strong> resulta sospechosa en el contexto de su relaci\u00f3n con las personas involucradas en el hecho.<\/p>\n\n\n\n<p>Por otro lado, la investigaci\u00f3n sigue en una etapa incipiente, con tres fiscales trabajando en distintas medidas de investigaci\u00f3n. A\u00fan no se tiene identificado al autor material del crimen, pero existen sospechas de que la <strong>Banda de Los Menores<\/strong>, cuyo l\u00edder <strong>Lisandro Contreras<\/strong> fue recientemente detenido, podr\u00eda estar detr\u00e1s del ataque. <strong>Contreras<\/strong>, conocido por su habilidad para eludir a las autoridades, utilizaba un sofisticado sistema de comunicaci\u00f3n y rotaci\u00f3n de tel\u00e9fonos para evitar ser rastreado.<\/p>\n\n\n\n<p>Mientras la investigaci\u00f3n contin\u00faa avanzando, el caso ha puesto en evidencia no solo la complejidad de los v\u00ednculos entre los involucrados, sino tambi\u00e9n las dificultades para obtener pruebas que permitan identificar a los autores del crimen. La relaci\u00f3n entre <strong>Leopoldo Mart\u00ednez, Pill\u00edn Bracamonte <\/strong>y figuras clave del narcotr\u00e1fico local, como <strong>\u201cEl Viejo Cantero&#8221;<\/strong>, a\u00f1ade una capa m\u00e1s de misterio y tensi\u00f3n a un caso que promete seguir ocupando titulares en las pr\u00f3ximas semanas. La p\u00e9rdida del tel\u00e9fono, que podr\u00eda haber sido una pieza clave en este rompecabezas, ha generado un fuerte impacto en las autoridades, que trabajan contrarreloj para esclarecer los hechos.<\/p>\n\n\n\n<p>Tras la audiencia el juez Postman dict\u00f3 la prisi\u00f3n preventiva por el plazo de ley<\/p>\n<div class=\"newspaper-x-tags\"><strong>TAGS: <\/strong><span><a href=\"https:\/\/www.rosarioalerta.com.ar\/site\/archivos\/tag\/bracamonte\" rel=\"tag\">Bracamonte<\/a><\/span><a href=\"https:\/\/www.rosarioalerta.com.ar\/site\/archivos\/tag\/leopoldo-pitito-martinez\" rel=\"tag\">Leopoldo \u201cPitito\u201d Mart\u00ednez<\/a><\/span><a href=\"https:\/\/www.rosarioalerta.com.ar\/site\/archivos\/tag\/noticias-de-rosario\" rel=\"tag\">Noticias de Rosario<\/a><\/span><a href=\"https:\/\/www.rosarioalerta.com.ar\/site\/archivos\/tag\/rosario\" rel=\"tag\">Rosario<\/a><\/span><a href=\"https:\/\/www.rosarioalerta.com.ar\/site\/archivos\/tag\/santa-fe\" rel=\"tag\">Santa Fe<\/a> <\/div>","protected":false},"excerpt":{"rendered":"<p>Leopoldo Mart\u00ednez y su primo fueron imputados por robar el tel\u00e9fono de la v\u00edctima de un ataque a tiros ocurrido en Avellaneda 700 bis El fiscal destac\u00f3 la importancia de este tel\u00e9fono en la investigaci\u00f3n, que ahora se encuentra comprometida, tras imputar a Leopoldo \u201cPitito\u201d Mart\u00ednez y su primo por el robo del tel\u00e9fono m\u00f3vil [&hellip;]<\/p>\n","protected":false},"author":2,"featured_media":22146,"comment_status":"open","ping_status":"open","sticky":false,"template":"","format":"standard","meta":{"_joinchat":[],"footnotes":""},"categories":[11,13,21,14],"tags":[1047,1146,95,55,65],"class_list":["post-22145","post","type-post","status-publish","format-standard","has-post-thumbnail","hentry","category-detenidos","category-judiciales","category-noticias","category-policiales","tag-bracamonte","tag-leopoldo-pitito-martinez","tag-noticias-de-rosario","tag-rosario","tag-santa-fe"],"_links":{"self":[{"href":"https:\/\/www.rosarioalerta.com.ar\/site\/wp-json\/wp\/v2\/posts\/22145","targetHints":{"allow":["GET"]}}],"collection":[{"href":"https:\/\/www.rosarioalerta.com.ar\/site\/wp-json\/wp\/v2\/posts"}],"about":[{"href":"https:\/\/www.rosarioalerta.com.ar\/site\/wp-json\/wp\/v2\/types\/post"}],"author":[{"embeddable":true,"href":"https:\/\/www.rosarioalerta.com.ar\/site\/wp-json\/wp\/v2\/users\/2"}],"replies":[{"embeddable":true,"href":"https:\/\/www.rosarioalerta.com.ar\/site\/wp-json\/wp\/v2\/comments?post=22145"}],"version-history":[{"count":1,"href":"https:\/\/www.rosarioalerta.com.ar\/site\/wp-json\/wp\/v2\/posts\/22145\/revisions"}],"predecessor-version":[{"id":22147,"href":"https:\/\/www.rosarioalerta.com.ar\/site\/wp-json\/wp\/v2\/posts\/22145\/revisions\/22147"}],"wp:featuredmedia":[{"embeddable":true,"href":"https:\/\/www.rosarioalerta.com.ar\/site\/wp-json\/wp\/v2\/media\/22146"}],"wp:attachment":[{"href":"https:\/\/www.rosarioalerta.com.ar\/site\/wp-json\/wp\/v2\/media?parent=22145"}],"wp:term":[{"taxonomy":"category","embeddable":true,"href":"https:\/\/www.rosarioalerta.com.ar\/site\/wp-json\/wp\/v2\/categories?post=22145"},{"taxonomy":"post_tag","embeddable":true,"href":"https:\/\/www.rosarioalerta.com.ar\/site\/wp-json\/wp\/v2\/tags?post=22145"}],"curies":[{"name":"wp","href":"https:\/\/api.w.org\/{rel}","templated":true}]}}