{"id":22053,"date":"2024-12-21T20:44:07","date_gmt":"2024-12-21T23:44:07","guid":{"rendered":"https:\/\/www.rosarioalerta.com.ar\/site\/?p=22053"},"modified":"2024-12-21T20:44:08","modified_gmt":"2024-12-21T23:44:08","slug":"accidente-fatal-en-la-ruta-18","status":"publish","type":"post","link":"https:\/\/www.rosarioalerta.com.ar\/site\/archivos\/22053","title":{"rendered":"Accidente fatal en la Ruta 18"},"content":{"rendered":"\n<p><\/p>\n\n\n\n<p>Un hombre de 28 a\u00f1os pierde la vida tras colisionar<\/p>\n\n\n\n<p>Un siniestro vial tuvo lugar en la ma\u00f1ana del s\u00e1bado sobre la Ruta Provincial 18, dejando como saldo la muerte de un joven de 28 a\u00f1os<\/p>\n\n\n\n<p>El d\u00eda de hoy, un tr\u00e1gico siniestro vial tuvo lugar en la <strong>Ruta Provincial18, aproximadamente a 6 kil\u00f3metros del cruce con la Ruta A012<\/strong>, cuando un autom\u00f3vil volc\u00f3 en la banquina. El hecho ocurri\u00f3 alrededor de las 6.30 y el resultado fue fatal para el conductor del veh\u00edculo involucrado.<\/p>\n\n\n\n<p>Seg\u00fan el informe de la <strong>Polic\u00eda de Investigaciones<\/strong>, al recibir el aviso de la base operativa del <strong>Comando Regional \u00c1lvarez<\/strong> (CRE), una unidad se dirigi\u00f3 de inmediato al lugar del siniestro. Al llegar, los agentes observaron un Honda Fit volcado en la banquina este de la Ruta 18. Dentro del veh\u00edculo se encontraba un hombre, aparentemente atrapado en su interior.<\/p>\n\n\n\n<p>A pocos minutos de la llegada de los servicios de emergencia, una ambulancia de <strong>Villa Amelia<\/strong> se present\u00f3 en la escena del accidente. El personal m\u00e9dico confirm\u00f3 el deceso del conductor, un joven de 28 a\u00f1os, aunque a\u00fan no se ha dado a conocer su identidad.<\/p>\n\n\n\n<p>El caso fue r\u00e1pidamente informado a la Fiscal\u00eda de Homicidios Culposos, que se hizo cargo de la investigaci\u00f3n. La fiscal\u00eda comenzar\u00e1 a determinar las circunstancias que rodearon el vuelco del autom\u00f3vil. Por el momento, se desconoce si el joven estaba bajo los efectos del alcohol o si alguna otra factor influy\u00f3 en la p\u00e9rdida del control del veh\u00edculo.<\/p>\n\n\n\n<p>En el lugar tambi\u00e9n se realiz\u00f3 el secuestro del Honda Fit involucrado en el accidente, el cual ser\u00e1 sometido a las pericias correspondientes para determinar posibles fallas mec\u00e1nicas o el estado en que se encontraba al momento del siniestro. Adem\u00e1s, las autoridades locales, en particular la <strong>Sub Comisar\u00eda 4\u00ba de Pi\u00f1ero<\/strong>, se encargaron de las actuaciones correspondientes, debido a que el hecho ocurri\u00f3 dentro de su jurisdicci\u00f3n.<\/p>\n<div class=\"newspaper-x-tags\"><strong>TAGS: <\/strong><span><a href=\"https:\/\/www.rosarioalerta.com.ar\/site\/archivos\/tag\/noticias-de-rosario\" rel=\"tag\">Noticias de Rosario<\/a><\/span><a href=\"https:\/\/www.rosarioalerta.com.ar\/site\/archivos\/tag\/rosario\" rel=\"tag\">Rosario<\/a><\/span><a href=\"https:\/\/www.rosarioalerta.com.ar\/site\/archivos\/tag\/santa-fe\" rel=\"tag\">Santa Fe<\/a> <\/div>","protected":false},"excerpt":{"rendered":"<p>Un hombre de 28 a\u00f1os pierde la vida tras colisionar Un siniestro vial tuvo lugar en la ma\u00f1ana del s\u00e1bado sobre la Ruta Provincial 18, dejando como saldo la muerte de un joven de 28 a\u00f1os El d\u00eda de hoy, un tr\u00e1gico siniestro vial tuvo lugar en la Ruta Provincial18, aproximadamente a 6 kil\u00f3metros del [&hellip;]<\/p>\n","protected":false},"author":2,"featured_media":22054,"comment_status":"open","ping_status":"open","sticky":false,"template":"","format":"standard","meta":{"_joinchat":[],"footnotes":""},"categories":[21,14,10],"tags":[95,55,65],"class_list":["post-22053","post","type-post","status-publish","format-standard","has-post-thumbnail","hentry","category-noticias","category-policiales","category-siniestros-viales","tag-noticias-de-rosario","tag-rosario","tag-santa-fe"],"_links":{"self":[{"href":"https:\/\/www.rosarioalerta.com.ar\/site\/wp-json\/wp\/v2\/posts\/22053","targetHints":{"allow":["GET"]}}],"collection":[{"href":"https:\/\/www.rosarioalerta.com.ar\/site\/wp-json\/wp\/v2\/posts"}],"about":[{"href":"https:\/\/www.rosarioalerta.com.ar\/site\/wp-json\/wp\/v2\/types\/post"}],"author":[{"embeddable":true,"href":"https:\/\/www.rosarioalerta.com.ar\/site\/wp-json\/wp\/v2\/users\/2"}],"replies":[{"embeddable":true,"href":"https:\/\/www.rosarioalerta.com.ar\/site\/wp-json\/wp\/v2\/comments?post=22053"}],"version-history":[{"count":1,"href":"https:\/\/www.rosarioalerta.com.ar\/site\/wp-json\/wp\/v2\/posts\/22053\/revisions"}],"predecessor-version":[{"id":22055,"href":"https:\/\/www.rosarioalerta.com.ar\/site\/wp-json\/wp\/v2\/posts\/22053\/revisions\/22055"}],"wp:featuredmedia":[{"embeddable":true,"href":"https:\/\/www.rosarioalerta.com.ar\/site\/wp-json\/wp\/v2\/media\/22054"}],"wp:attachment":[{"href":"https:\/\/www.rosarioalerta.com.ar\/site\/wp-json\/wp\/v2\/media?parent=22053"}],"wp:term":[{"taxonomy":"category","embeddable":true,"href":"https:\/\/www.rosarioalerta.com.ar\/site\/wp-json\/wp\/v2\/categories?post=22053"},{"taxonomy":"post_tag","embeddable":true,"href":"https:\/\/www.rosarioalerta.com.ar\/site\/wp-json\/wp\/v2\/tags?post=22053"}],"curies":[{"name":"wp","href":"https:\/\/api.w.org\/{rel}","templated":true}]}}