{"id":21953,"date":"2024-12-18T07:49:42","date_gmt":"2024-12-18T10:49:42","guid":{"rendered":"https:\/\/www.rosarioalerta.com.ar\/site\/?p=21953"},"modified":"2024-12-18T07:49:42","modified_gmt":"2024-12-18T10:49:42","slug":"asesinaron-de-varios-disparos-a-un-joven-en-empalme-graneros","status":"publish","type":"post","link":"https:\/\/www.rosarioalerta.com.ar\/site\/archivos\/21953","title":{"rendered":"Asesinaron de varios disparos a un joven en Empalme Graneros"},"content":{"rendered":"\n<p><\/p>\n\n\n\n<p>La polic\u00eda investiga el m\u00f3vil del crimen y busca a los agresores<\/p>\n\n\n\n<p>Un joven fue v\u00edctima de un ataque armado en la zona de <strong>Chaco al 800 bis<\/strong>, falleciendo tras ser trasladado a un centro de salud. El hecho tuvo lugar en horas de la madrugada de este mi\u00e9rcoles, cuando un llamado a la <strong>Central de Emergencias del 911<\/strong>, alert\u00f3 sobre la presencia de un hombre herido por arma de fuego en la zona de <strong>Chaco al 800 bis<\/strong>. Los primeros informes policiales confirmaron la presencia de m\u00faltiples disparos en el lugar y se constat\u00f3 que la v\u00edctima hab\u00eda sido trasladada de urgencia en un veh\u00edculo particular hacia un centro de atenci\u00f3n m\u00e9dica.<\/p>\n\n\n\n<p>Mientras se realizaban las primeras diligencias en la escena del ataque, otro m\u00f3vil policial report\u00f3 el hallazgo de material de inter\u00e9s para la investigaci\u00f3n en <strong>Pasaje 703 y Reconquista<\/strong>, una zona cercana al lugar del hecho. Este hallazgo podr\u00eda resultar crucial para esclarecer las circunstancias del ataque y la identidad de los agresores.<\/p>\n\n\n\n<p>Lamentablemente, minutos despu\u00e9s, la informaci\u00f3n se torn\u00f3 a\u00fan m\u00e1s tr\u00e1gica, dado que desde el nosocomio diagnosticaron su deceso<\/p>\n\n\n\n<p>De las primeras versiones surgidas por la investigaci\u00f3n, testigos relataron, que la v\u00edctima se encontraba junto a un grupo de amigos en la intersecci\u00f3n de <strong>Calle 703 y San Jer\u00f3nimo<\/strong> cuando fueron sorprendidos por dos personas que se desplazaban en bicicleta. Uno de ellos, sin mediar palabra, abri\u00f3 fuego contra el grupo, hiriendo gravemente al joven que luego perder\u00eda la vida.<\/p>\n\n\n\n<p>La polic\u00eda ha desplegado un operativo en la zona para dar con los responsables del crimen. Se est\u00e1n llevando a cabo rastrillajes, toma de testimonios y se analizando las pruebas encontradas en el lugar del hecho y en <strong>Pasaje 703 y Reconquista<\/strong>. La investigaci\u00f3n se centra en determinar el m\u00f3vil del ataque y en identificar a los dos individuos que se desplazaban en bicicleta.<\/p>\n\n\n\n<p class=\"has-text-align-center\"><strong>Con este crimen el departamento Rosario suma 87 v\u00edctimas desde el inicio de a\u00f1o, de las cuales cinco pertenecen al mes de diciembre<\/strong><\/p>\n<div class=\"newspaper-x-tags\"><strong>TAGS: <\/strong><span><a href=\"https:\/\/www.rosarioalerta.com.ar\/site\/archivos\/tag\/noticias-de-rosario\" rel=\"tag\">Noticias de Rosario<\/a><\/span><a href=\"https:\/\/www.rosarioalerta.com.ar\/site\/archivos\/tag\/rosario\" rel=\"tag\">Rosario<\/a><\/span><a href=\"https:\/\/www.rosarioalerta.com.ar\/site\/archivos\/tag\/santa-fe\" rel=\"tag\">Santa Fe<\/a> <\/div>","protected":false},"excerpt":{"rendered":"<p>La polic\u00eda investiga el m\u00f3vil del crimen y busca a los agresores Un joven fue v\u00edctima de un ataque armado en la zona de Chaco al 800 bis, falleciendo tras ser trasladado a un centro de salud. El hecho tuvo lugar en horas de la madrugada de este mi\u00e9rcoles, cuando un llamado a la Central [&hellip;]<\/p>\n","protected":false},"author":2,"featured_media":21954,"comment_status":"open","ping_status":"open","sticky":false,"template":"","format":"standard","meta":{"_joinchat":[],"footnotes":""},"categories":[15,17,6,21,14],"tags":[95,55,65],"class_list":["post-21953","post","type-post","status-publish","format-standard","has-post-thumbnail","hentry","category-balaceras","category-heridos","category-homicidios","category-noticias","category-policiales","tag-noticias-de-rosario","tag-rosario","tag-santa-fe"],"_links":{"self":[{"href":"https:\/\/www.rosarioalerta.com.ar\/site\/wp-json\/wp\/v2\/posts\/21953","targetHints":{"allow":["GET"]}}],"collection":[{"href":"https:\/\/www.rosarioalerta.com.ar\/site\/wp-json\/wp\/v2\/posts"}],"about":[{"href":"https:\/\/www.rosarioalerta.com.ar\/site\/wp-json\/wp\/v2\/types\/post"}],"author":[{"embeddable":true,"href":"https:\/\/www.rosarioalerta.com.ar\/site\/wp-json\/wp\/v2\/users\/2"}],"replies":[{"embeddable":true,"href":"https:\/\/www.rosarioalerta.com.ar\/site\/wp-json\/wp\/v2\/comments?post=21953"}],"version-history":[{"count":1,"href":"https:\/\/www.rosarioalerta.com.ar\/site\/wp-json\/wp\/v2\/posts\/21953\/revisions"}],"predecessor-version":[{"id":21955,"href":"https:\/\/www.rosarioalerta.com.ar\/site\/wp-json\/wp\/v2\/posts\/21953\/revisions\/21955"}],"wp:featuredmedia":[{"embeddable":true,"href":"https:\/\/www.rosarioalerta.com.ar\/site\/wp-json\/wp\/v2\/media\/21954"}],"wp:attachment":[{"href":"https:\/\/www.rosarioalerta.com.ar\/site\/wp-json\/wp\/v2\/media?parent=21953"}],"wp:term":[{"taxonomy":"category","embeddable":true,"href":"https:\/\/www.rosarioalerta.com.ar\/site\/wp-json\/wp\/v2\/categories?post=21953"},{"taxonomy":"post_tag","embeddable":true,"href":"https:\/\/www.rosarioalerta.com.ar\/site\/wp-json\/wp\/v2\/tags?post=21953"}],"curies":[{"name":"wp","href":"https:\/\/api.w.org\/{rel}","templated":true}]}}