{"id":21907,"date":"2024-12-15T09:47:58","date_gmt":"2024-12-15T12:47:58","guid":{"rendered":"https:\/\/www.rosarioalerta.com.ar\/site\/?p=21907"},"modified":"2024-12-15T09:47:59","modified_gmt":"2024-12-15T12:47:59","slug":"en-el-oeste-esta-el-agite-4","status":"publish","type":"post","link":"https:\/\/www.rosarioalerta.com.ar\/site\/archivos\/21907","title":{"rendered":"En el oeste est\u00e1 el agite"},"content":{"rendered":"\n<p><\/p>\n\n\n\n<p>Un muerto y un herido en distintas circunstancias<\/p>\n\n\n\n<p>Dos hechos violentos en Rosario dejan v\u00edctimas de armas de fuego y blancas, en horas de la noche, la ciudad fue escenario de dos graves incidentes en las \u00faltimas horas que involucraron disparos y heridas con armas blancas<\/p>\n\n\n\n<p>En el primero de los casos, un hombre perdi\u00f3 la vida como consecuencia de un disparo de arma de fuego, mientras que en otro incidente, un hombre result\u00f3 gravemente herido por arma blanca. Ambos episodios ocurrieron en distintos puntos de la ciudad, pero en la zona oeste<\/p>\n\n\n\n<p>Minutos despu\u00e9s de la medianoche en la intersecci\u00f3n de <strong>Mait\u00e9n y Nahuel Huapi<\/strong>, fuentes policiales, dieron cuenta que varios llamados a la <strong>Central de Emergencias del 911<\/strong>, alertaban sobre disparos de arma de fuego en la zona y que una persona se encontrar\u00eda tendida en la v\u00eda p\u00fablica. Ante la gravedad de la situaci\u00f3n, los m\u00f3viles policiales se desplazaron al lugar, donde confirmaron la presencia de un hombre sin vida. El informe preliminar de la polic\u00eda se\u00f1ala que la v\u00edctima habr\u00eda recibido un disparo en la cabeza, lo que provoc\u00f3 su deceso casi de manera instant\u00e1nea. Adem\u00e1s, se encontr\u00f3 en el lugar varios casquillos de bala, los cuales fueron preservados como parte de la investigaci\u00f3n.<\/p>\n\n\n\n<p>A la escena lleg\u00f3 personal del <strong>SIES<\/strong> quien constat\u00f3 oficialmente el deceso, para que luego la <strong>Polic\u00eda de Investigaciones<\/strong>, relevara la zona y la mortera, traslade el cuerpo al <strong>Instituto M\u00e9dico Legal<\/strong> para la pr\u00e1ctica de la autopsia<\/p>\n\n\n\n<p>Horas m\u00e1s tarde, otro incidente violento fue reportado en <strong>Bv Segu\u00ed al 4500<\/strong>, alrededor de las 22, en el que un hombre fue herido de gravedad por un arma blanca. Seg\u00fan un comunicado oficial, una mujer se dio aviso a la polic\u00eda, alertando que un hombre presentaba varias heridas por arma blanca, una de ellas en el pecho y otra en la cara. La mujer solicit\u00f3 la presencia de una ambulancia, ya que la v\u00edctima se encontraba en estado grave. Personal del <strong>SIES<\/strong> acudi\u00f3 r\u00e1pidamente al lugar y traslad\u00f3 al herido al <strong>Hospital de Emergencias Clemente \u00c1lvarez<\/strong>, donde permanece bajo cuidados m\u00e9dicos intensivos.<\/p>\n\n\n\n<p>Las autoridades han intensificado los operativos de prevenci\u00f3n, aunque la falta de respuesta a muchos de estos cr\u00edmenes sigue siendo un tema central en el debate p\u00fablico.<\/p>\n\n\n\n<p class=\"has-text-align-center\"><strong>Son 86 los cr\u00edmenes que tiene el departamento Rosario desde el inicio de a\u00f1o y se trata del cuarto caso del mes de diciembre<\/strong><\/p>\n<div class=\"newspaper-x-tags\"><strong>TAGS: <\/strong><span><a href=\"https:\/\/www.rosarioalerta.com.ar\/site\/archivos\/tag\/noticias-de-rosario\" rel=\"tag\">Noticias de Rosario<\/a><\/span><a href=\"https:\/\/www.rosarioalerta.com.ar\/site\/archivos\/tag\/rosario\" rel=\"tag\">Rosario<\/a><\/span><a href=\"https:\/\/www.rosarioalerta.com.ar\/site\/archivos\/tag\/santa-fe\" rel=\"tag\">Santa Fe<\/a> <\/div>","protected":false},"excerpt":{"rendered":"<p>Un muerto y un herido en distintas circunstancias Dos hechos violentos en Rosario dejan v\u00edctimas de armas de fuego y blancas, en horas de la noche, la ciudad fue escenario de dos graves incidentes en las \u00faltimas horas que involucraron disparos y heridas con armas blancas En el primero de los casos, un hombre perdi\u00f3 [&hellip;]<\/p>\n","protected":false},"author":2,"featured_media":21908,"comment_status":"open","ping_status":"open","sticky":false,"template":"","format":"standard","meta":{"_joinchat":[],"footnotes":""},"categories":[15,17,6,21,14],"tags":[95,55,65],"class_list":["post-21907","post","type-post","status-publish","format-standard","has-post-thumbnail","hentry","category-balaceras","category-heridos","category-homicidios","category-noticias","category-policiales","tag-noticias-de-rosario","tag-rosario","tag-santa-fe"],"_links":{"self":[{"href":"https:\/\/www.rosarioalerta.com.ar\/site\/wp-json\/wp\/v2\/posts\/21907","targetHints":{"allow":["GET"]}}],"collection":[{"href":"https:\/\/www.rosarioalerta.com.ar\/site\/wp-json\/wp\/v2\/posts"}],"about":[{"href":"https:\/\/www.rosarioalerta.com.ar\/site\/wp-json\/wp\/v2\/types\/post"}],"author":[{"embeddable":true,"href":"https:\/\/www.rosarioalerta.com.ar\/site\/wp-json\/wp\/v2\/users\/2"}],"replies":[{"embeddable":true,"href":"https:\/\/www.rosarioalerta.com.ar\/site\/wp-json\/wp\/v2\/comments?post=21907"}],"version-history":[{"count":1,"href":"https:\/\/www.rosarioalerta.com.ar\/site\/wp-json\/wp\/v2\/posts\/21907\/revisions"}],"predecessor-version":[{"id":21909,"href":"https:\/\/www.rosarioalerta.com.ar\/site\/wp-json\/wp\/v2\/posts\/21907\/revisions\/21909"}],"wp:featuredmedia":[{"embeddable":true,"href":"https:\/\/www.rosarioalerta.com.ar\/site\/wp-json\/wp\/v2\/media\/21908"}],"wp:attachment":[{"href":"https:\/\/www.rosarioalerta.com.ar\/site\/wp-json\/wp\/v2\/media?parent=21907"}],"wp:term":[{"taxonomy":"category","embeddable":true,"href":"https:\/\/www.rosarioalerta.com.ar\/site\/wp-json\/wp\/v2\/categories?post=21907"},{"taxonomy":"post_tag","embeddable":true,"href":"https:\/\/www.rosarioalerta.com.ar\/site\/wp-json\/wp\/v2\/tags?post=21907"}],"curies":[{"name":"wp","href":"https:\/\/api.w.org\/{rel}","templated":true}]}}