{"id":21793,"date":"2024-12-05T07:39:38","date_gmt":"2024-12-05T10:39:38","guid":{"rendered":"https:\/\/www.rosarioalerta.com.ar\/site\/?p=21793"},"modified":"2024-12-05T07:39:49","modified_gmt":"2024-12-05T10:39:49","slug":"asesinan-a-un-hombre-a-balazos-en-el-barrio-tablada","status":"publish","type":"post","link":"https:\/\/www.rosarioalerta.com.ar\/site\/archivos\/21793","title":{"rendered":"Asesinan a un hombre a balazos en el barrio Tablada"},"content":{"rendered":"\n<p><\/p>\n\n\n\n<p>Personal de Gendarmer\u00eda Nacional resguard\u00f3 la zona, donde se hallaron m\u00e1s de media docena de vainas servidas<\/p>\n\n\n\n<p>Un nuevo homicidio sacudi\u00f3 la ciudad de Rosario, donde un hombre de 35 a\u00f1os fue encontrado sin vida en la v\u00eda p\u00fablica, en la zona sur de la ciudad, tras ser alcanzado por varios disparos de arma de fuego. En la madrugada de este mi\u00e9rcoles, efectivos del <strong>Comando Unificado de las Fuerzas Federales de Seguridad y la Polic\u00eda de Santa Fe<\/strong> fueron alertados sobre un hecho violento en la calle <strong>Col\u00f3n al 3900<\/strong>, en el <strong>barrio Tablada<\/strong>. A la llegada de las autoridades, se encontraron con un hombre tendido en la v\u00eda p\u00fablica, sin signos vitales.<\/p>\n\n\n\n<p>El hecho ocurri\u00f3 en una zona caracterizada por su alta densidad poblacional y de venta de estupefacientes, sobre <strong>Col\u00f3n entre Iv\u00e1nowski y Pje. Rezzara<\/strong>, donde las primeras evidencias confirmaron que el hombre hab\u00eda sido v\u00edctima de un ataque armado. Cerca de su cuerpo, los oficiales observaron varias vainas servidas, las cuales fueron recogidas por personal de la <strong>PDI<\/strong> quienes adem\u00e1s realizaron otras pericias y relevamientos ordenados por la <strong>Unidad de Homicidios Dolosos<\/strong><\/p>\n\n\n\n<p>Minutos despu\u00e9s, personal del <strong>SIES<\/strong>, examin\u00f3 el cuerpo de <strong>Dami\u00e1n Mauricio V de 35 a\u00f1os <\/strong>y fue declarado su deceso y lo trasladaron al <strong>Instituto M\u00e9dico Legal<\/strong> para la pr\u00e1ctica de la autopsia<\/p>\n\n\n\n<p>De acuerdo con la informaci\u00f3n proporcionada por las fuerzas de seguridad, el caso fue derivado a la <strong>Comisar\u00eda 15\u00ba<\/strong>, por cuestiones de jurisdicci\u00f3n<\/p>\n\n\n\n<p class=\"has-text-align-center\"><strong>Se trata del crimen 85 desde el inicio del a\u00f1o en el departamento Rosario<\/strong><\/p>\n<div class=\"newspaper-x-tags\"><strong>TAGS: <\/strong><span><a href=\"https:\/\/www.rosarioalerta.com.ar\/site\/archivos\/tag\/rosario\" rel=\"tag\">Rosario<\/a><\/span><a href=\"https:\/\/www.rosarioalerta.com.ar\/site\/archivos\/tag\/santa-fe\" rel=\"tag\">Santa Fe<\/a> <\/div>","protected":false},"excerpt":{"rendered":"<p>Personal de Gendarmer\u00eda Nacional resguard\u00f3 la zona, donde se hallaron m\u00e1s de media docena de vainas servidas Un nuevo homicidio sacudi\u00f3 la ciudad de Rosario, donde un hombre de 35 a\u00f1os fue encontrado sin vida en la v\u00eda p\u00fablica, en la zona sur de la ciudad, tras ser alcanzado por varios disparos de arma de [&hellip;]<\/p>\n","protected":false},"author":2,"featured_media":21794,"comment_status":"open","ping_status":"open","sticky":false,"template":"","format":"standard","meta":{"_joinchat":[],"footnotes":""},"categories":[15,6,21,14],"tags":[55,65],"class_list":["post-21793","post","type-post","status-publish","format-standard","has-post-thumbnail","hentry","category-balaceras","category-homicidios","category-noticias","category-policiales","tag-rosario","tag-santa-fe"],"_links":{"self":[{"href":"https:\/\/www.rosarioalerta.com.ar\/site\/wp-json\/wp\/v2\/posts\/21793","targetHints":{"allow":["GET"]}}],"collection":[{"href":"https:\/\/www.rosarioalerta.com.ar\/site\/wp-json\/wp\/v2\/posts"}],"about":[{"href":"https:\/\/www.rosarioalerta.com.ar\/site\/wp-json\/wp\/v2\/types\/post"}],"author":[{"embeddable":true,"href":"https:\/\/www.rosarioalerta.com.ar\/site\/wp-json\/wp\/v2\/users\/2"}],"replies":[{"embeddable":true,"href":"https:\/\/www.rosarioalerta.com.ar\/site\/wp-json\/wp\/v2\/comments?post=21793"}],"version-history":[{"count":1,"href":"https:\/\/www.rosarioalerta.com.ar\/site\/wp-json\/wp\/v2\/posts\/21793\/revisions"}],"predecessor-version":[{"id":21795,"href":"https:\/\/www.rosarioalerta.com.ar\/site\/wp-json\/wp\/v2\/posts\/21793\/revisions\/21795"}],"wp:featuredmedia":[{"embeddable":true,"href":"https:\/\/www.rosarioalerta.com.ar\/site\/wp-json\/wp\/v2\/media\/21794"}],"wp:attachment":[{"href":"https:\/\/www.rosarioalerta.com.ar\/site\/wp-json\/wp\/v2\/media?parent=21793"}],"wp:term":[{"taxonomy":"category","embeddable":true,"href":"https:\/\/www.rosarioalerta.com.ar\/site\/wp-json\/wp\/v2\/categories?post=21793"},{"taxonomy":"post_tag","embeddable":true,"href":"https:\/\/www.rosarioalerta.com.ar\/site\/wp-json\/wp\/v2\/tags?post=21793"}],"curies":[{"name":"wp","href":"https:\/\/api.w.org\/{rel}","templated":true}]}}