{"id":21742,"date":"2024-12-03T14:05:47","date_gmt":"2024-12-03T17:05:47","guid":{"rendered":"https:\/\/www.rosarioalerta.com.ar\/site\/?p=21742"},"modified":"2024-12-03T14:05:48","modified_gmt":"2024-12-03T17:05:48","slug":"prision-preventiva-para-jose-maturano","status":"publish","type":"post","link":"https:\/\/www.rosarioalerta.com.ar\/site\/archivos\/21742","title":{"rendered":"Prisi\u00f3n preventiva para Jos\u00e9 Maturano"},"content":{"rendered":"\n<p><\/p>\n\n\n\n<p>Se trata del sujeto implicado en el crimen del chofer de la l\u00ednea K<\/p>\n\n\n\n<p>La audiencia imputativa contra <strong>Jos\u00e9 Maturano<\/strong>, se\u00f1alado como el conductor de la moto utilizada en el asesinato del chofer de la l\u00ednea K, <strong>Marcos Daloia<\/strong>, tuvo lugar este martes. La jueza <strong>Paula \u00c1lvarez<\/strong> resolvi\u00f3 imponer prisi\u00f3n preventiva a <strong>Maturano<\/strong>, quien est\u00e1 acusado de homicidio doblemente agravado y tentativa de homicidio. En la jornada tambi\u00e9n se detallaron otros elementos de la investigaci\u00f3n, que involucra m\u00e1s imputados y contin\u00faa en curso.<\/p>\n\n\n\n<p><strong>Maturano<\/strong>, quien previamente hab\u00eda sido condenado por otros delitos, fue detenido la semana pasada tras varios meses de fuga. Seg\u00fan los fiscales, el acusado fue el conductor de la moto que el 6 de marzo intent\u00f3 asesinar a un <strong>chofer de la l\u00ednea 122<\/strong> en <strong>Mendoza y Cerrito<\/strong>. Al d\u00eda siguiente, el mismo veh\u00edculo fue utilizado en el crimen de <strong>Marcos Daloia<\/strong>, quien trabajaba en <strong>la l\u00ednea K<\/strong> y fue interceptado en plena labor en la intersecci\u00f3n de <strong>Mendoza y M\u00e9xico<\/strong>.<\/p>\n\n\n\n<p>El fiscal <strong>Saldutti<\/strong> explic\u00f3 que en ambas ocasiones <strong>Maturano<\/strong> actu\u00f3 como coautor material, siendo identificado por testigos y por un an\u00e1lisis t\u00e9cnico que cotej\u00f3 im\u00e1genes de la moto con registros previos del <strong>Servicio Penitenciario<\/strong>, lo que confirm\u00f3 su identidad. Adem\u00e1s, el acusado ten\u00eda v\u00ednculo con un domicilio en el <strong>barrio Santa Luc\u00eda<\/strong>, que fue utilizado para ocultarse y por estos motivos, el sitio fue inactivado por la Justicia, (Nicaragua al 2100) lo que llev\u00f3 al posterior derribo de la propiedad.<\/p>\n\n\n\n<p class=\"has-text-align-center\"><strong>Una investigaci\u00f3n que no cesa<\/strong><\/p>\n\n\n\n<p>La detenci\u00f3n de <strong>Maturano<\/strong> no fue sencilla. El acusado, que llevaba meses pr\u00f3fugo, fue buscado intensamente en distintas provincias, incluidos allanamientos en <strong>Rosario y C\u00f3rdoba<\/strong>. Finalmente, el <strong>28 de noviembre, fue capturado en la Villa 31, <\/strong>en la <strong>Ciudad Aut\u00f3noma de Buenos Aires<\/strong>, mientras traficaba estupefaciente. Para ocultar su identidad, <strong>Maturano<\/strong> hab\u00eda usado los datos de un familiar, pero fue identificado despu\u00e9s de un cotejo de fichas de antecedentes.<\/p>\n\n\n\n<p>La investigaci\u00f3n a\u00fan no ha concluido y existen m\u00e1s imputados vinculados a los hechos. Uno de los datos m\u00e1s reveladores es el testimonio de un menor de 15 a\u00f1os, quien confes\u00f3 haber estado involucrado en el asesinato del <strong>playero Bruno Bussanich<\/strong> y en los atentados mencionados. Este joven se\u00f1al\u00f3 que el marido de una mujer que lo arm\u00f3 fue el que manej\u00f3 la moto en el asesinato de <strong>Daloia<\/strong>.<\/p>\n\n\n\n<p class=\"has-text-align-center\"><strong>La audiencia y la decisi\u00f3n judicial<\/strong><\/p>\n\n\n\n<p>Durante la audiencia, <strong>Maturano<\/strong> intent\u00f3 presentarse como un vendedor de frutas, asegurando no recordar su domicilio. Sin embargo, el fiscal desestim\u00f3 sus declaraciones, destacando la consistencia de las pruebas y la gravedad de los delitos que se le imputan. La <strong>jueza Paula \u00c1lvarez<\/strong>, tras analizar la solicitud del fiscal, resolvi\u00f3 imponer la prisi\u00f3n preventiva, fundamentando su decisi\u00f3n en el riesgo procesal y la gravedad de los hechos.<\/p>\n\n\n\n<p>El defensor p\u00fablico, en un intento por mitigar la situaci\u00f3n de su cliente, argument\u00f3 que <strong>Maturano<\/strong> no formaba parte de una &#8220;poderosa banda&#8221; y que no era el mismo individuo que aparece en el video del crimen. No obstante, la jueza desestim\u00f3 los argumentos y ratific\u00f3 la medida cautelar.<\/p>\n\n\n\n<p>Este caso, que involucra un entramado de violencia, tr\u00e1fico de drogas y un homicidio sin resoluci\u00f3n a\u00fan, sigue siendo uno de los m\u00e1s complejos de la justicia penal de la regi\u00f3n. La detenci\u00f3n de <strong>Maturano<\/strong> marca un avance, pero a\u00fan queda mucho por esclarecer. Mientras tanto, la investigaci\u00f3n contin\u00faa, y la comunidad espera que se haga justicia por los cr\u00edmenes cometidos.<\/p>\n<div class=\"newspaper-x-tags\"><strong>TAGS: <\/strong><span><a href=\"https:\/\/www.rosarioalerta.com.ar\/site\/archivos\/tag\/jose-mauricio-maturano\" rel=\"tag\">Jos\u00e9 Mauricio Maturano<\/a><\/span><a href=\"https:\/\/www.rosarioalerta.com.ar\/site\/archivos\/tag\/noticias-de-rosario\" rel=\"tag\">Noticias de Rosario<\/a><\/span><a href=\"https:\/\/www.rosarioalerta.com.ar\/site\/archivos\/tag\/rosario\" rel=\"tag\">Rosario<\/a><\/span><a href=\"https:\/\/www.rosarioalerta.com.ar\/site\/archivos\/tag\/santa-fe\" rel=\"tag\">Santa Fe<\/a> <\/div>","protected":false},"excerpt":{"rendered":"<p>Se trata del sujeto implicado en el crimen del chofer de la l\u00ednea K La audiencia imputativa contra Jos\u00e9 Maturano, se\u00f1alado como el conductor de la moto utilizada en el asesinato del chofer de la l\u00ednea K, Marcos Daloia, tuvo lugar este martes. La jueza Paula \u00c1lvarez resolvi\u00f3 imponer prisi\u00f3n preventiva a Maturano, quien est\u00e1 [&hellip;]<\/p>\n","protected":false},"author":2,"featured_media":21743,"comment_status":"open","ping_status":"open","sticky":false,"template":"","format":"standard","meta":{"_joinchat":[],"footnotes":""},"categories":[11,6,13,21,14],"tags":[798,95,55,65],"class_list":["post-21742","post","type-post","status-publish","format-standard","has-post-thumbnail","hentry","category-detenidos","category-homicidios","category-judiciales","category-noticias","category-policiales","tag-jose-mauricio-maturano","tag-noticias-de-rosario","tag-rosario","tag-santa-fe"],"_links":{"self":[{"href":"https:\/\/www.rosarioalerta.com.ar\/site\/wp-json\/wp\/v2\/posts\/21742","targetHints":{"allow":["GET"]}}],"collection":[{"href":"https:\/\/www.rosarioalerta.com.ar\/site\/wp-json\/wp\/v2\/posts"}],"about":[{"href":"https:\/\/www.rosarioalerta.com.ar\/site\/wp-json\/wp\/v2\/types\/post"}],"author":[{"embeddable":true,"href":"https:\/\/www.rosarioalerta.com.ar\/site\/wp-json\/wp\/v2\/users\/2"}],"replies":[{"embeddable":true,"href":"https:\/\/www.rosarioalerta.com.ar\/site\/wp-json\/wp\/v2\/comments?post=21742"}],"version-history":[{"count":1,"href":"https:\/\/www.rosarioalerta.com.ar\/site\/wp-json\/wp\/v2\/posts\/21742\/revisions"}],"predecessor-version":[{"id":21744,"href":"https:\/\/www.rosarioalerta.com.ar\/site\/wp-json\/wp\/v2\/posts\/21742\/revisions\/21744"}],"wp:featuredmedia":[{"embeddable":true,"href":"https:\/\/www.rosarioalerta.com.ar\/site\/wp-json\/wp\/v2\/media\/21743"}],"wp:attachment":[{"href":"https:\/\/www.rosarioalerta.com.ar\/site\/wp-json\/wp\/v2\/media?parent=21742"}],"wp:term":[{"taxonomy":"category","embeddable":true,"href":"https:\/\/www.rosarioalerta.com.ar\/site\/wp-json\/wp\/v2\/categories?post=21742"},{"taxonomy":"post_tag","embeddable":true,"href":"https:\/\/www.rosarioalerta.com.ar\/site\/wp-json\/wp\/v2\/tags?post=21742"}],"curies":[{"name":"wp","href":"https:\/\/api.w.org\/{rel}","templated":true}]}}