{"id":21721,"date":"2024-12-02T12:09:02","date_gmt":"2024-12-02T15:09:02","guid":{"rendered":"https:\/\/www.rosarioalerta.com.ar\/site\/?p=21721"},"modified":"2024-12-02T12:09:04","modified_gmt":"2024-12-02T15:09:04","slug":"quedo-detenido-el-presunto-autor-de-dos-asesinatos","status":"publish","type":"post","link":"https:\/\/www.rosarioalerta.com.ar\/site\/archivos\/21721","title":{"rendered":"Qued\u00f3 detenido el presunto autor de dos asesinatos"},"content":{"rendered":"\n<p><\/p>\n\n\n\n<p>El imputado est\u00e1 acusado de dos homicidios y varios delitos, ocurridos en 2021 y 2023<\/p>\n\n\n\n<p>La justicia dict\u00f3 la prisi\u00f3n preventiva por los hechos, que involucraron la muerte de <strong>Joaqu\u00edn P\u00e9rez<\/strong> y <strong>Ariel Simonicini<\/strong>. Este lunes, llevaron a cabo la audiencia imputativa contra <strong>Cristian Rodolfo L\u00f3pez<\/strong> por dos homicidios y otros delitos graves. <strong>L\u00f3pez<\/strong> est\u00e1 vinculado con los asesinatos de <strong>Joaqu\u00edn P\u00e9rez,<\/strong> ocurrido el 19 de octubre de 2021 y <strong>Ariel Simonicini<\/strong>, el 7 de enero de 2023. Tras la exposici\u00f3n de pruebas por parte de la Fiscal\u00eda, el juez de primera instancia, Florentino Malaponte, dict\u00f3 la prisi\u00f3n preventiva efectiva para <strong>L\u00f3pez<\/strong>, quien ser\u00e1 mantenido bajo custodia hasta el d\u00eda del juicio<\/p>\n\n\n\n<p>Seg\u00fan la acusaci\u00f3n, el primer homicidio ocurri\u00f3 el <strong>19 de octubre de 2021<\/strong>, alrededor de las <strong>23:15<\/strong>, cuando <strong>L\u00f3pez<\/strong>, en compa\u00f1\u00eda de un c\u00f3mplice no identificado, se desplazaba en motocicleta por la zona norte de<strong> Rosario<\/strong>. La pareja de delincuentes intentaba robar un veh\u00edculo y, al llegar a la calle <strong>Mu\u00f1iz al 1200<\/strong>, abordaron a <strong>Joaqu\u00edn P\u00e9rez<\/strong>, quien se encontraba estacionando su autom\u00f3vil. Mientras <strong>P\u00e9rez<\/strong> trataba de resistir el robo, el acompa\u00f1ante de <strong>L\u00f3pez<\/strong> le dispar\u00f3 en dos ocasiones, mat\u00e1ndolo de forma inmediata. Despu\u00e9s de cometer el crimen, los delincuentes huyeron, llevando el autom\u00f3vil de <strong>P\u00e9rez<\/strong> y abandonando el veh\u00edculo en una zona cercana. En el mismo lugar, se encontraron evidencias que vinculan a <strong>L\u00f3pez<\/strong> con el uso de un arma de fuego en el delito.<\/p>\n\n\n\n<p>El segundo homicidio ocurri\u00f3 el 7 de enero de 2023, cuando <strong>L\u00f3pez<\/strong>, acompa\u00f1ado de <strong>tres personas<\/strong> m\u00e1s, abord\u00f3 a <strong>Ariel Simonicini<\/strong> en la intersecci\u00f3n de <strong>Matheu y Zelaya<\/strong>, con el objetivo de robarle 950.000 pesos en efectivo. <strong>Simonicini<\/strong> hab\u00eda sido enga\u00f1ado previamente por los delincuentes, quienes se hicieron pasar <strong>por vendedores de una motocicleta a trav\u00e9s de la plataforma MarketPlace. <\/strong>Al encontrarse con la v\u00edctima, los delincuentes dispararon contra \u00e9l, impact\u00e1ndole dos balas que le causaron la muerte en el acto. Tras el asesinato, los atacantes huyeron con el dinero robado.<\/p>\n\n\n\n<p><strong>Cristian Rodolfo L\u00f3pez<\/strong> enfrenta cargos muy graves, que incluyen homicidio doloso calificado, tentativa de robo con arma de fuego y otros delitos conexos. La Fiscal\u00eda considera que actu\u00f3 en conjunto con al menos dos personas en cada uno de los hechos, lo que refuerza la gravedad de su responsabilidad en los cr\u00edmenes.<\/p>\n<div class=\"newspaper-x-tags\"><strong>TAGS: <\/strong><span><a href=\"https:\/\/www.rosarioalerta.com.ar\/site\/archivos\/tag\/ariel-simonicini\" rel=\"tag\">Ariel Simonicini<\/a><\/span><a href=\"https:\/\/www.rosarioalerta.com.ar\/site\/archivos\/tag\/joaquin-perez\" rel=\"tag\">Joaqu\u00edn P\u00e9rez<\/a><\/span><a href=\"https:\/\/www.rosarioalerta.com.ar\/site\/archivos\/tag\/noticias-de-rosario\" rel=\"tag\">Noticias de Rosario<\/a><\/span><a href=\"https:\/\/www.rosarioalerta.com.ar\/site\/archivos\/tag\/rosario\" rel=\"tag\">Rosario<\/a><\/span><a href=\"https:\/\/www.rosarioalerta.com.ar\/site\/archivos\/tag\/santa-fe\" rel=\"tag\">Santa Fe<\/a> <\/div>","protected":false},"excerpt":{"rendered":"<p>El imputado est\u00e1 acusado de dos homicidios y varios delitos, ocurridos en 2021 y 2023 La justicia dict\u00f3 la prisi\u00f3n preventiva por los hechos, que involucraron la muerte de Joaqu\u00edn P\u00e9rez y Ariel Simonicini. Este lunes, llevaron a cabo la audiencia imputativa contra Cristian Rodolfo L\u00f3pez por dos homicidios y otros delitos graves. L\u00f3pez est\u00e1 [&hellip;]<\/p>\n","protected":false},"author":2,"featured_media":21722,"comment_status":"open","ping_status":"open","sticky":false,"template":"","format":"standard","meta":{"_joinchat":[],"footnotes":""},"categories":[11,6,13,21,14],"tags":[1095,1071,95,55,65],"class_list":["post-21721","post","type-post","status-publish","format-standard","has-post-thumbnail","hentry","category-detenidos","category-homicidios","category-judiciales","category-noticias","category-policiales","tag-ariel-simonicini","tag-joaquin-perez","tag-noticias-de-rosario","tag-rosario","tag-santa-fe"],"_links":{"self":[{"href":"https:\/\/www.rosarioalerta.com.ar\/site\/wp-json\/wp\/v2\/posts\/21721","targetHints":{"allow":["GET"]}}],"collection":[{"href":"https:\/\/www.rosarioalerta.com.ar\/site\/wp-json\/wp\/v2\/posts"}],"about":[{"href":"https:\/\/www.rosarioalerta.com.ar\/site\/wp-json\/wp\/v2\/types\/post"}],"author":[{"embeddable":true,"href":"https:\/\/www.rosarioalerta.com.ar\/site\/wp-json\/wp\/v2\/users\/2"}],"replies":[{"embeddable":true,"href":"https:\/\/www.rosarioalerta.com.ar\/site\/wp-json\/wp\/v2\/comments?post=21721"}],"version-history":[{"count":1,"href":"https:\/\/www.rosarioalerta.com.ar\/site\/wp-json\/wp\/v2\/posts\/21721\/revisions"}],"predecessor-version":[{"id":21723,"href":"https:\/\/www.rosarioalerta.com.ar\/site\/wp-json\/wp\/v2\/posts\/21721\/revisions\/21723"}],"wp:featuredmedia":[{"embeddable":true,"href":"https:\/\/www.rosarioalerta.com.ar\/site\/wp-json\/wp\/v2\/media\/21722"}],"wp:attachment":[{"href":"https:\/\/www.rosarioalerta.com.ar\/site\/wp-json\/wp\/v2\/media?parent=21721"}],"wp:term":[{"taxonomy":"category","embeddable":true,"href":"https:\/\/www.rosarioalerta.com.ar\/site\/wp-json\/wp\/v2\/categories?post=21721"},{"taxonomy":"post_tag","embeddable":true,"href":"https:\/\/www.rosarioalerta.com.ar\/site\/wp-json\/wp\/v2\/tags?post=21721"}],"curies":[{"name":"wp","href":"https:\/\/api.w.org\/{rel}","templated":true}]}}