{"id":21650,"date":"2024-11-28T13:23:43","date_gmt":"2024-11-28T16:23:43","guid":{"rendered":"https:\/\/www.rosarioalerta.com.ar\/site\/?p=21650"},"modified":"2024-11-28T13:45:31","modified_gmt":"2024-11-28T16:45:31","slug":"comenzo-el-retiro-de-vehiculos-de-la-comisaria-21o","status":"publish","type":"post","link":"https:\/\/www.rosarioalerta.com.ar\/site\/archivos\/21650","title":{"rendered":"Comenz\u00f3 el retiro de veh\u00edculos de la Comisar\u00eda 21\u00ba"},"content":{"rendered":"\n<p><\/p>\n\n\n\n<p>El operativo, que forma parte de un plan provincial, busca ordenar las comisar\u00edas y mejorar el espacio p\u00fablico de la ciudad<\/p>\n\n\n\n<p>En el marco de un plan provincial para mejorar las condiciones de las comisar\u00edas y ordenar el espacio p\u00fablico, comenz\u00f3 el retiro de veh\u00edculos de la <strong>Comisar\u00eda 21\u00ba<\/strong> de Rosario. Este operativo, que tiene como objetivo la revisi\u00f3n, reubicaci\u00f3n y compactaci\u00f3n de los veh\u00edculos que ya no son \u00fatiles, forma parte de un proceso que ya se ha realizado en otras siete dependencias policiales de la ciudad.<\/p>\n\n\n\n<p>El proceso fue supervisado por los secretarios <strong>Mat\u00edas Figueroa Escauriza<\/strong>, de Gesti\u00f3n de Registros Provinciales y <strong>Esteban Santantino<\/strong>, de An\u00e1lisis y Gesti\u00f3n de la Informaci\u00f3n del Ministerio de Justicia y Seguridad, quienes observaron la tarea de la Agencia Provincial de Registro, Administraci\u00f3n y Destino de Bienes y Derechos Patrimoniales (Aprad). Esta agencia se encarga de clasificar y determinar la utilidad de los veh\u00edculos, y en caso de que ya no sean aprovechables, se procede a su compactaci\u00f3n. En el caso de la <strong>Comisar\u00eda 21\u00ba<\/strong>, se <strong>retiraron 300 motos, 50 autos y m\u00e1s de 100 bicicletas<\/strong> que ocupaban valioso espacio en la dependencia.<\/p>\n\n\n\n<p><strong>Figueroa Escauriza<\/strong> explic\u00f3 que el retiro de veh\u00edculos forma parte de un trabajo de reordenamiento que comenz\u00f3 a fines del 2023, con el objetivo de liberar espacios tanto en las comisar\u00edas como en los dep\u00f3sitos judiciales. \u201cCuando comenzamos la gesti\u00f3n, nos encontramos con que los dep\u00f3sitos de veh\u00edculos en Rosario, espec\u00edficamente en calle Francia, estaban colapsados. Hab\u00eda m\u00e1s de 10.000 veh\u00edculos acumulados. La falta de compactaci\u00f3n de los veh\u00edculos en los \u00faltimos a\u00f1os gener\u00f3 un caos, tanto para las comisar\u00edas como para los vecinos\u201d, detall\u00f3. Seg\u00fan el funcionario, la compactaci\u00f3n de m\u00e1s de 7.000 autos y motos liber\u00f3 espacio para comenzar a retirar los veh\u00edculos de las comisar\u00edas de Rosario, un trabajo que continuar\u00e1 en la <strong>Comisar\u00eda 12\u00ba<\/strong><\/p>\n\n\n\n<figure class=\"wp-block-embed is-type-rich is-provider-twitter wp-block-embed-twitter\"><div class=\"wp-block-embed__wrapper\">\n<div class=\"newspaper-x-video-container\"><blockquote class=\"twitter-tweet\" data-width=\"550\" data-dnt=\"true\"><p lang=\"es\" dir=\"ltr\"><a href=\"https:\/\/twitter.com\/hashtag\/Rosario?src=hash&amp;ref_src=twsrc%5Etfw\">#Rosario<\/a> <a href=\"https:\/\/twitter.com\/hashtag\/Comisar%C3%ADa21%C2%BA?src=hash&amp;ref_src=twsrc%5Etfw\">#Comisar\u00eda21\u00ba<\/a> <a href=\"https:\/\/t.co\/CqrBfNOUwR\">https:\/\/t.co\/CqrBfNOUwR<\/a> a trav\u00e9s de <a href=\"https:\/\/twitter.com\/RosarioAlerta?ref_src=twsrc%5Etfw\">@RosarioAlerta<\/a> <a href=\"https:\/\/t.co\/Qq9fu1qimM\">pic.twitter.com\/Qq9fu1qimM<\/a><\/p>&mdash; Rosario Alerta (@RosarioAlerta) <a href=\"https:\/\/twitter.com\/RosarioAlerta\/status\/1862174429196738567?ref_src=twsrc%5Etfw\">November 28, 2024<\/a><\/blockquote><script async src=\"https:\/\/platform.twitter.com\/widgets.js\" charset=\"utf-8\"><\/script><\/div>\n<\/div><\/figure>\n\n\n\n<p>Adem\u00e1s, Figueroa Escauriza destac\u00f3 un cambio en el circuito de trabajo: \u201cAhora, los veh\u00edculos secuestrados se derivan directamente al dep\u00f3sito de Francia, lo que permite a las comisar\u00edas concentrarse en otros aspectos operativos, y no en la acumulaci\u00f3n de veh\u00edculos\u201d.<\/p>\n\n\n\n<p>El operativo de retiro de veh\u00edculos no es solo una cuesti\u00f3n log\u00edstica, sino que est\u00e1 alineado con un plan de seguridad m\u00e1s amplio. <strong>Esteban Santantino<\/strong> resalt\u00f3 que el colapso de veh\u00edculos en las comisar\u00edas era un reflejo de la \u201cdesidia\u201d de a\u00f1os anteriores. En este sentido, se\u00f1al\u00f3 que uno de los principales desaf\u00edos que enfrenta la provincia es mejorar las condiciones operativas de la Polic\u00eda para reducir la circulaci\u00f3n de delitos en Rosario. &#8220;Es fundamental comprender que este trabajo log\u00edstico forma parte del plan de seguridad que estamos llevando adelante, lo que nos ha permitido reducir la circulaci\u00f3n del delito en la ciudad&#8221;, subray\u00f3.<\/p>\n\n\n\n<p>Finalmente, <strong>Santantino<\/strong> mencion\u00f3 que, como parte de la transformaci\u00f3n del sistema policial, se est\u00e1 trabajando en la construcci\u00f3n de seis estaciones policiales en Rosario, lo que permitir\u00e1 una mayor descentralizaci\u00f3n y mejor distribuci\u00f3n de recursos y efectivos en la ciudad. Esta medida busca fortalecer el sistema de seguridad y asegurar una respuesta m\u00e1s r\u00e1pida y eficiente ante los desaf\u00edos que enfrenta Rosario.<\/p>\n<div class=\"newspaper-x-tags\"><strong>TAGS: <\/strong><span><a href=\"https:\/\/www.rosarioalerta.com.ar\/site\/archivos\/tag\/comisaria-21o\" rel=\"tag\">Comisar\u00eda 21\u00ba<\/a><\/span><a href=\"https:\/\/www.rosarioalerta.com.ar\/site\/archivos\/tag\/noticias-de-rosario\" rel=\"tag\">Noticias de Rosario<\/a><\/span><a href=\"https:\/\/www.rosarioalerta.com.ar\/site\/archivos\/tag\/rosario\" rel=\"tag\">Rosario<\/a><\/span><a href=\"https:\/\/www.rosarioalerta.com.ar\/site\/archivos\/tag\/santa-fe\" rel=\"tag\">Santa Fe<\/a><\/span><a href=\"https:\/\/www.rosarioalerta.com.ar\/site\/archivos\/tag\/seguridad\" rel=\"tag\">Seguridad<\/a> <\/div>","protected":false},"excerpt":{"rendered":"<p>El operativo, que forma parte de un plan provincial, busca ordenar las comisar\u00edas y mejorar el espacio p\u00fablico de la ciudad En el marco de un plan provincial para mejorar las condiciones de las comisar\u00edas y ordenar el espacio p\u00fablico, comenz\u00f3 el retiro de veh\u00edculos de la Comisar\u00eda 21\u00ba de Rosario. Este operativo, que tiene [&hellip;]<\/p>\n","protected":false},"author":2,"featured_media":21651,"comment_status":"open","ping_status":"open","sticky":false,"template":"","format":"standard","meta":{"_joinchat":[],"footnotes":""},"categories":[18,21],"tags":[1078,95,55,65,458],"class_list":["post-21650","post","type-post","status-publish","format-standard","has-post-thumbnail","hentry","category-institucional","category-noticias","tag-comisaria-21o","tag-noticias-de-rosario","tag-rosario","tag-santa-fe","tag-seguridad"],"_links":{"self":[{"href":"https:\/\/www.rosarioalerta.com.ar\/site\/wp-json\/wp\/v2\/posts\/21650","targetHints":{"allow":["GET"]}}],"collection":[{"href":"https:\/\/www.rosarioalerta.com.ar\/site\/wp-json\/wp\/v2\/posts"}],"about":[{"href":"https:\/\/www.rosarioalerta.com.ar\/site\/wp-json\/wp\/v2\/types\/post"}],"author":[{"embeddable":true,"href":"https:\/\/www.rosarioalerta.com.ar\/site\/wp-json\/wp\/v2\/users\/2"}],"replies":[{"embeddable":true,"href":"https:\/\/www.rosarioalerta.com.ar\/site\/wp-json\/wp\/v2\/comments?post=21650"}],"version-history":[{"count":2,"href":"https:\/\/www.rosarioalerta.com.ar\/site\/wp-json\/wp\/v2\/posts\/21650\/revisions"}],"predecessor-version":[{"id":21653,"href":"https:\/\/www.rosarioalerta.com.ar\/site\/wp-json\/wp\/v2\/posts\/21650\/revisions\/21653"}],"wp:featuredmedia":[{"embeddable":true,"href":"https:\/\/www.rosarioalerta.com.ar\/site\/wp-json\/wp\/v2\/media\/21651"}],"wp:attachment":[{"href":"https:\/\/www.rosarioalerta.com.ar\/site\/wp-json\/wp\/v2\/media?parent=21650"}],"wp:term":[{"taxonomy":"category","embeddable":true,"href":"https:\/\/www.rosarioalerta.com.ar\/site\/wp-json\/wp\/v2\/categories?post=21650"},{"taxonomy":"post_tag","embeddable":true,"href":"https:\/\/www.rosarioalerta.com.ar\/site\/wp-json\/wp\/v2\/tags?post=21650"}],"curies":[{"name":"wp","href":"https:\/\/api.w.org\/{rel}","templated":true}]}}