{"id":21617,"date":"2024-11-27T19:38:49","date_gmt":"2024-11-27T22:38:49","guid":{"rendered":"https:\/\/www.rosarioalerta.com.ar\/site\/?p=21617"},"modified":"2024-11-27T19:38:51","modified_gmt":"2024-11-27T22:38:51","slug":"otro-evadido-de-la-comisaria-16o-recapturado","status":"publish","type":"post","link":"https:\/\/www.rosarioalerta.com.ar\/site\/archivos\/21617","title":{"rendered":"Otro evadido de la Comisar\u00eda 16\u00ba recapturado"},"content":{"rendered":"\n<p><\/p>\n\n\n\n<p>Fue tras un procedimiento policial en la zona oeste de Rosario<\/p>\n\n\n\n<p>En un operativo realizado este mi\u00e9rcoles, personal de la Brigada Motorizada de la Unidad Regional II logr\u00f3 la aprehensi\u00f3n de dos personas, entre ellas un hombre evadido de la <strong>Comisar\u00eda 16<\/strong>\u00ba. El procedimiento tuvo lugar en inmediaciones de <strong>Pellegrini al 5000<\/strong>, alrededor del mediod\u00eda, luego que una vecina de la zona alertara a las autoridades sobre la presencia de un individuo que reconoci\u00f3 como el pr\u00f3fugo <strong>H\u00e9ctor Emanuel Coria<\/strong>.<\/p>\n\n\n\n<p>Seg\u00fan fuentes policiales, desde la <strong>Central de Emergencias del 911<\/strong>, comisionaron las unidades de la <strong>Brigada Motorizada<\/strong> para que se dirigieran al domicilio ubicado en <strong>Pellegrini al 5000<\/strong>, donde una vecina hab\u00eda visto a un hombre en el patio de la vivienda que, al parecer, coincid\u00eda con la descripci\u00f3n de <strong>Coria<\/strong>, quien se encontraba pr\u00f3fugo desde su fuga de la <strong>Comisar\u00eda 16\u00ba.<\/strong><\/p>\n\n\n\n<p>Al llegar al lugar, los efectivos de la brigada se encontraron con un hombre al que identificaron como <strong>H\u00e9ctor Armando S de 59 a\u00f1os<\/strong>, quien aseguraba estar durmiendo en el domicilio junto a un amigo. Sin embargo, al solicitarle identificaci\u00f3n, pudieron constatar que el otro individuo en el interior de la vivienda, era <strong>Coria<\/strong>. Al grito de <strong>\u201cYa perd\u00ed, jefe, soy Coria, evadido de la 16\u201d, <\/strong>qued\u00f3 detenido y derivaron a la<strong> PDI <\/strong>las actuaciones correspondientes,<\/p>\n\n\n\n<p><strong>Coria<\/strong>, de 31 a\u00f1os, hab\u00eda escapado previamente de la <strong>Comisar\u00eda 16\u00ba<\/strong> y su detenci\u00f3n se concret\u00f3 sin mayores incidentes gracias a la colaboraci\u00f3n de la vecina que alert\u00f3 a las autoridades sobre su presencia en el lugar.<\/p>\n\n\n\n<p>Las autoridades contin\u00faan con los operativos de b\u00fasqueda y controles en distintas \u00e1reas de la ciudad para dar con los restantes fugitivos: <strong>Miguel Fabi\u00e1n La Roza, Jos\u00e9 Sebasti\u00e1n Gonz\u00e1lez, Hugo Joel Castellano, Leandro Rodrigo Sosa, Emanuel Edgardo Recio, El\u00edas Nicol\u00e1s Oliva y Joel Dami\u00e1n Rearte.<\/strong><\/p>\n<div class=\"newspaper-x-tags\"><strong>TAGS: <\/strong><span><a href=\"https:\/\/www.rosarioalerta.com.ar\/site\/archivos\/tag\/evadido-de-la-comisaria-16o\" rel=\"tag\">Evadido de la Comisar\u00eda 16\u00ba<\/a><\/span><a href=\"https:\/\/www.rosarioalerta.com.ar\/site\/archivos\/tag\/noticias-de-rosario\" rel=\"tag\">Noticias de Rosario<\/a><\/span><a href=\"https:\/\/www.rosarioalerta.com.ar\/site\/archivos\/tag\/rosario\" rel=\"tag\">Rosario<\/a><\/span><a href=\"https:\/\/www.rosarioalerta.com.ar\/site\/archivos\/tag\/santa-fe\" rel=\"tag\">Santa Fe<\/a> <\/div>","protected":false},"excerpt":{"rendered":"<p>Fue tras un procedimiento policial en la zona oeste de Rosario En un operativo realizado este mi\u00e9rcoles, personal de la Brigada Motorizada de la Unidad Regional II logr\u00f3 la aprehensi\u00f3n de dos personas, entre ellas un hombre evadido de la Comisar\u00eda 16\u00ba. El procedimiento tuvo lugar en inmediaciones de Pellegrini al 5000, alrededor del mediod\u00eda, [&hellip;]<\/p>\n","protected":false},"author":2,"featured_media":21618,"comment_status":"open","ping_status":"open","sticky":false,"template":"","format":"standard","meta":{"_joinchat":[],"footnotes":""},"categories":[11,21,14],"tags":[1073,95,55,65],"class_list":["post-21617","post","type-post","status-publish","format-standard","has-post-thumbnail","hentry","category-detenidos","category-noticias","category-policiales","tag-evadido-de-la-comisaria-16o","tag-noticias-de-rosario","tag-rosario","tag-santa-fe"],"_links":{"self":[{"href":"https:\/\/www.rosarioalerta.com.ar\/site\/wp-json\/wp\/v2\/posts\/21617","targetHints":{"allow":["GET"]}}],"collection":[{"href":"https:\/\/www.rosarioalerta.com.ar\/site\/wp-json\/wp\/v2\/posts"}],"about":[{"href":"https:\/\/www.rosarioalerta.com.ar\/site\/wp-json\/wp\/v2\/types\/post"}],"author":[{"embeddable":true,"href":"https:\/\/www.rosarioalerta.com.ar\/site\/wp-json\/wp\/v2\/users\/2"}],"replies":[{"embeddable":true,"href":"https:\/\/www.rosarioalerta.com.ar\/site\/wp-json\/wp\/v2\/comments?post=21617"}],"version-history":[{"count":1,"href":"https:\/\/www.rosarioalerta.com.ar\/site\/wp-json\/wp\/v2\/posts\/21617\/revisions"}],"predecessor-version":[{"id":21619,"href":"https:\/\/www.rosarioalerta.com.ar\/site\/wp-json\/wp\/v2\/posts\/21617\/revisions\/21619"}],"wp:featuredmedia":[{"embeddable":true,"href":"https:\/\/www.rosarioalerta.com.ar\/site\/wp-json\/wp\/v2\/media\/21618"}],"wp:attachment":[{"href":"https:\/\/www.rosarioalerta.com.ar\/site\/wp-json\/wp\/v2\/media?parent=21617"}],"wp:term":[{"taxonomy":"category","embeddable":true,"href":"https:\/\/www.rosarioalerta.com.ar\/site\/wp-json\/wp\/v2\/categories?post=21617"},{"taxonomy":"post_tag","embeddable":true,"href":"https:\/\/www.rosarioalerta.com.ar\/site\/wp-json\/wp\/v2\/tags?post=21617"}],"curies":[{"name":"wp","href":"https:\/\/api.w.org\/{rel}","templated":true}]}}