{"id":21593,"date":"2024-11-26T21:10:07","date_gmt":"2024-11-27T00:10:07","guid":{"rendered":"https:\/\/www.rosarioalerta.com.ar\/site\/?p=21593"},"modified":"2024-11-26T21:11:21","modified_gmt":"2024-11-27T00:11:21","slug":"la-corte-suprema-anulo-la-condena-contra-luciano-nocelli","status":"publish","type":"post","link":"https:\/\/www.rosarioalerta.com.ar\/site\/archivos\/21593","title":{"rendered":"La Corte Suprema anul\u00f3 la condena contra Luciano Nocelli"},"content":{"rendered":"\n<p><\/p>\n\n\n\n<p>Se trata de un polic\u00eda y hab\u00eda sido condenado por abatir a dos delincuentes<\/p>\n\n\n\n<p>En un fallo hist\u00f3rico, la Corte Suprema de la provincia de Santa Fe anul\u00f3 hoy la condena impuesta a <strong>Luciano Nocelli<\/strong>, un hombre que llevaba cinco a\u00f1os y medio detenido tras abatir a dos delincuentes en un enfrentamiento. Desde el Gobierno provincial, instaron al cese inmediato de su encarcelamiento mientras se resuelve su situaci\u00f3n procesal<\/p>\n\n\n\n<p>La Corte Suprema de Justicia de la provincia de Santa Fe dict\u00f3 hoy una resoluci\u00f3n trascendental al anular la condena que se le hab\u00eda impuesto a <strong>Luciano Nocelli<\/strong>, quien se encontraba detenido desde hac\u00eda m\u00e1s de cinco a\u00f1os por el <strong>abatimiento de dos delincuentes<\/strong> <strong>en un enfrentamiento<\/strong>. Este fallo revoca la sentencia que hab\u00eda sido emitida en su contra, marcando un giro en el proceso judicial que lleva a\u00f1os en curso.<\/p>\n\n\n\n<p>La situaci\u00f3n de <strong>Nocelli<\/strong> hab\u00eda generado <strong>controversia y preocupaci\u00f3n<\/strong>, ya que el <strong>hombre se encontraba<\/strong> en <strong>prisi\u00f3n preventiva sin una condena firme<\/strong>. <strong>Desde el Gobierno de Santa Fe, se celebr\u00f3 la decisi\u00f3n de la Corte<\/strong>, haciendo un llamado a la justicia para que se disponga el cese inmediato de su encarcelamiento, asegurando que <strong>Nocelli<\/strong>, como cualquier ciudadano, tiene derecho a ser tratado como inocente mientras no se resuelva definitivamente su situaci\u00f3n procesal.<\/p>\n\n\n\n<p>&#8220;Instamos a las autoridades judiciales competentes a disponer el cese inmediato del encarcelamiento de <strong>Luciano Nocelli<\/strong>, quien ha estado privado de su libertad durante cinco a\u00f1os y medio sin una sentencia definitiva. Es fundamental que se respeten los derechos humanos y las garant\u00edas procesales de todas las personas, independientemente de su ocupaci\u00f3n o contexto&#8221;, expres\u00f3 el <strong>ministro de Justicia y Seguridad<\/strong> en su cuenta oficial de \u201cX\u201d<\/p>\n\n\n\n<figure class=\"wp-block-embed is-type-rich is-provider-twitter wp-block-embed-twitter\"><div class=\"wp-block-embed__wrapper\">\n<div class=\"newspaper-x-video-container\"><blockquote class=\"twitter-tweet\" data-width=\"550\" data-dnt=\"true\"><p lang=\"es\" dir=\"ltr\">Hoy la Corte Suprema provincial anul\u00f3 la condena impuesta a Luciano Nocelli por abatir a dos delincuentes en un enfrentamiento.<br>Abro hilo \ud83d\udc47<\/p>&mdash; Pablo Cococcioni (@PabloCocoX) <a href=\"https:\/\/twitter.com\/PabloCocoX\/status\/1861532670137647544?ref_src=twsrc%5Etfw\">November 26, 2024<\/a><\/blockquote><script async src=\"https:\/\/platform.twitter.com\/widgets.js\" charset=\"utf-8\"><\/script><\/div>\n<\/div><\/figure>\n\n\n\n<p>El caso de <strong>Nocelli<\/strong> hab\u00eda estado marcado por un fuerte debate sobre el uso leg\u00edtimo de la fuerza en situaciones de defensa personal. En 2019, el hombre, un efectivo policial, se vio involucrado en un tiroteo durante un intento de robo en el que, seg\u00fan su defensa, los delincuentes abrieron fuego contra \u00e9l. Tras el enfrentamiento, <strong>Nocelli<\/strong> abati\u00f3 a dos de los delincuentes, lo que deriv\u00f3 en su detenci\u00f3n y posterior condena, aunque con una larga espera en prisi\u00f3n preventiva.<\/p>\n\n\n\n<p>El Gobierno de la provincia tambi\u00e9n envi\u00f3 un mensaje de apoyo a la familia de <strong>Nocelli<\/strong>, quienes han luchado durante todo este tiempo para lograr que se haga justicia. &#8220;Mandamos un gran abrazo a la familia de Luciano, que ha sufrido mucho y ha trabajado incansablemente para que su situaci\u00f3n se resuelva de manera justa&#8221;, a\u00f1adieron.<\/p>\n\n\n\n<p class=\"has-text-align-center\"><strong>El Caso Nocelli<\/strong><\/p>\n\n\n\n<p>Luciano Nocelli, un polic\u00eda de Rosario, fue <strong>condenado a 25 a\u00f1os de prisi\u00f3n<\/strong> <strong>por matar a dos delincuentes en un enfrentamiento<\/strong> ocurrido en 2019, un hecho que gener\u00f3 controversia y debate sobre el uso de la fuerza por parte de las fuerzas de seguridad.<\/p>\n\n\n\n<p>En abril de 2022, <strong>Luciano Nocelli<\/strong> fue condenado a 25 a\u00f1os de prisi\u00f3n por el homicidio de <strong>Jimena Gramajo y Adri\u00e1n Rosasco<\/strong>, dos ladrones que <strong>intentaron robarle la cartera a una mujer en pleno centro de Rosario<\/strong>, en la intersecci\u00f3n de <strong>Buenos Aires y 27 de Febrero<\/strong>, el 27 de mayo de 2019. Seg\u00fan la investigaci\u00f3n, <strong>Rosasco<\/strong>, <strong>armado con un rev\u00f3lver<\/strong>, hab\u00eda intentado robarle las pertenencias a la v\u00edctima, mientras su acompa\u00f1ante lo esperaba en una motocicleta. Fue entonces cuando un m\u00f3vil policial intervino, inici\u00e1ndose una persecuci\u00f3n que deriv\u00f3 en un enfrentamiento armado entre el polic\u00eda y los delincuentes.<\/p>\n\n\n\n<p>En la sentencia, el tribunal consider\u00f3 que <strong>Nocelli<\/strong> dispar\u00f3 a los delincuentes una vez que ya se encontraban en el suelo, sin que existiera un peligro inminente para \u00e9l ni para terceros. Se concluy\u00f3 que los disparos mortales a <strong>Gramajo<\/strong> fueron efectuados cuando ella ya se encontraba tirada en el piso, y que los disparos fueron realizados a quemarropa, a una distancia no superior a los 70 cent\u00edmetros. La escena fue registrada por una c\u00e1mara de seguridad, lo que sirvi\u00f3 como evidencia clave en la investigaci\u00f3n.<\/p>\n\n\n\n<p>La defensa de <strong>Nocelli<\/strong> argument\u00f3 que el efectivo actu\u00f3 en defensa propia y de su compa\u00f1ero, en un contexto de leg\u00edtima defensa ante un robo violento. Sin embargo, el tribunal no acept\u00f3 este argumento y entendi\u00f3 que el uso de la fuerza fue desproporcionado en la segunda secuencia de disparos, cuando ya no exist\u00eda peligro. La condena de <strong>Nocelli<\/strong> fue confirmada por la segunda instancia judicial.<\/p>\n\n\n\n<p>El caso gener\u00f3 gran repercusi\u00f3n en Rosario, donde los familiares y amigos de Nocelli realizaron diversos reclamos exigiendo su liberaci\u00f3n. Tambi\u00e9n hubo un fuerte apoyo por parte del gobernador de Santa Fe, Maximiliano Pullaro, quien expres\u00f3 su desacuerdo con la condena, argumentando que el polic\u00eda actu\u00f3 en defensa propia y en defensa de su compa\u00f1ero.<\/p>\n<div class=\"newspaper-x-tags\"><strong>TAGS: <\/strong><span><a href=\"https:\/\/www.rosarioalerta.com.ar\/site\/archivos\/tag\/luciano-nocelli\" rel=\"tag\">Luciano Nocelli<\/a><\/span><a href=\"https:\/\/www.rosarioalerta.com.ar\/site\/archivos\/tag\/noticias-de-rosario\" rel=\"tag\">Noticias de Rosario<\/a><\/span><a href=\"https:\/\/www.rosarioalerta.com.ar\/site\/archivos\/tag\/rosario\" rel=\"tag\">Rosario<\/a><\/span><a href=\"https:\/\/www.rosarioalerta.com.ar\/site\/archivos\/tag\/santa-fe\" rel=\"tag\">Santa Fe<\/a> <\/div>","protected":false},"excerpt":{"rendered":"<p>Se trata de un polic\u00eda y hab\u00eda sido condenado por abatir a dos delincuentes En un fallo hist\u00f3rico, la Corte Suprema de la provincia de Santa Fe anul\u00f3 hoy la condena impuesta a Luciano Nocelli, un hombre que llevaba cinco a\u00f1os y medio detenido tras abatir a dos delincuentes en un enfrentamiento. Desde el Gobierno [&hellip;]<\/p>\n","protected":false},"author":2,"featured_media":21594,"comment_status":"open","ping_status":"open","sticky":false,"template":"","format":"standard","meta":{"_joinchat":[],"footnotes":""},"categories":[13,21,14],"tags":[1068,95,55,65],"class_list":["post-21593","post","type-post","status-publish","format-standard","has-post-thumbnail","hentry","category-judiciales","category-noticias","category-policiales","tag-luciano-nocelli","tag-noticias-de-rosario","tag-rosario","tag-santa-fe"],"_links":{"self":[{"href":"https:\/\/www.rosarioalerta.com.ar\/site\/wp-json\/wp\/v2\/posts\/21593","targetHints":{"allow":["GET"]}}],"collection":[{"href":"https:\/\/www.rosarioalerta.com.ar\/site\/wp-json\/wp\/v2\/posts"}],"about":[{"href":"https:\/\/www.rosarioalerta.com.ar\/site\/wp-json\/wp\/v2\/types\/post"}],"author":[{"embeddable":true,"href":"https:\/\/www.rosarioalerta.com.ar\/site\/wp-json\/wp\/v2\/users\/2"}],"replies":[{"embeddable":true,"href":"https:\/\/www.rosarioalerta.com.ar\/site\/wp-json\/wp\/v2\/comments?post=21593"}],"version-history":[{"count":2,"href":"https:\/\/www.rosarioalerta.com.ar\/site\/wp-json\/wp\/v2\/posts\/21593\/revisions"}],"predecessor-version":[{"id":21597,"href":"https:\/\/www.rosarioalerta.com.ar\/site\/wp-json\/wp\/v2\/posts\/21593\/revisions\/21597"}],"wp:featuredmedia":[{"embeddable":true,"href":"https:\/\/www.rosarioalerta.com.ar\/site\/wp-json\/wp\/v2\/media\/21594"}],"wp:attachment":[{"href":"https:\/\/www.rosarioalerta.com.ar\/site\/wp-json\/wp\/v2\/media?parent=21593"}],"wp:term":[{"taxonomy":"category","embeddable":true,"href":"https:\/\/www.rosarioalerta.com.ar\/site\/wp-json\/wp\/v2\/categories?post=21593"},{"taxonomy":"post_tag","embeddable":true,"href":"https:\/\/www.rosarioalerta.com.ar\/site\/wp-json\/wp\/v2\/tags?post=21593"}],"curies":[{"name":"wp","href":"https:\/\/api.w.org\/{rel}","templated":true}]}}