{"id":21590,"date":"2024-11-26T20:18:18","date_gmt":"2024-11-26T23:18:18","guid":{"rendered":"https:\/\/www.rosarioalerta.com.ar\/site\/?p=21590"},"modified":"2024-11-26T20:18:19","modified_gmt":"2024-11-26T23:18:19","slug":"cinco-miembros-de-los-monos-fueron-a-juicios-abreviados","status":"publish","type":"post","link":"https:\/\/www.rosarioalerta.com.ar\/site\/archivos\/21590","title":{"rendered":"Cinco miembros de &#8220;Los Monos&#8221; fueron a juicios abreviados"},"content":{"rendered":"\n<p><\/p>\n\n\n\n<p>Los condenaron por extorsiones y balaceras en barrio Ludue\u00f1a, Industrial y Empalme Graneros<\/p>\n\n\n\n<p>Este martes, cinco integrantes de una de las <strong>c\u00e9lulas m\u00e1s violentas de la banda narco<\/strong> de &#8220;<strong>Los Monos<\/strong>&#8221; fueron condenados tras aceptar juicios abreviados. Los procesados son <strong>Mat\u00edas \u201cPino\u201d Nicol\u00e1s C\u00e9sar<\/strong>, <strong>Andy Ben\u00edtez, Juli\u00e1n Aguirre, Mauro Gerez y Oscar Ram\u00edrez<\/strong>, quienes recibieron penas que van de los 9 a los 20 a\u00f1os de prisi\u00f3n por su implicaci\u00f3n en delitos como extorsiones, balaceras y tentativas de homicidio. Las condenas son el resultado de un acuerdo entre las defensas y el fiscal Pablo Socca, quien lider\u00f3 la investigaci\u00f3n.<\/p>\n\n\n\n<p><strong>Mat\u00edas C\u00e9sar<\/strong>, l\u00edder de la c\u00e9lula delictiva, fue condenado a 20 a\u00f1os de prisi\u00f3n. <strong>C\u00e9sar<\/strong> ya cumpl\u00eda una pena de 20 a\u00f1os por atentados contra edificios judiciales, domicilios de jueces y polic\u00edas. Ahora, sum\u00f3 otra condena de igual magnitud por su rol en la jefatura de la organizaci\u00f3n criminal. Esta <strong>c\u00e9lula disputaba el territorio<\/strong> en la zona noroeste de Rosario contra la banda liderada por <strong>Esteban Lindor Alvarado<\/strong>, bajo el mando de su ladero <strong>Francisco Riquelme<\/strong>, quien tambi\u00e9n est\u00e1 preso.<\/p>\n\n\n\n<p>La banda, que operaba desde 2021, <strong>naci\u00f3 dentro del Pabell\u00f3n 8<\/strong> de la <strong>Unidad Penitenciaria N\u00ba 11 de Pi\u00f1ero<\/strong>, donde <strong>C\u00e9sar<\/strong> form\u00f3 alianzas con otros reclusos, entre ellos <strong>Andy Ben\u00edtez y Juli\u00e1n Aguirre<\/strong>, quienes se criaron en el <strong>barrio Ludue\u00f1a<\/strong> y fueron claves en la expansi\u00f3n de la organizaci\u00f3n fuera de la prisi\u00f3n. <strong>Ben\u00edtez y Aguirre<\/strong> fueron quienes ordenaban las extorsiones, las usurpaciones de terrenos y las balaceras, tanto contra miembros de la banda rival como contra comerciantes que se negaban a pagar la extorsi\u00f3n. Por su grado de responsabilidad, ambos fueron condenados a 20 a\u00f1os de prisi\u00f3n.<\/p>\n\n\n\n<p><strong>Mauro Javier Gerez<\/strong>, considerado &#8220;<strong>el jefe de los sicarios<\/strong>&#8221; de la banda, fue condenado a 9 a\u00f1os de c\u00e1rcel por su rol como organizador y encargado de ejecutar las \u00f3rdenes de <strong>Ben\u00edtez y Aguirre<\/strong>. <strong>Gerez<\/strong> <strong>de 30 a\u00f1os<\/strong>, era la persona de confianza de los cabecillas y estaba a cargo de las actividades m\u00e1s violentas de la c\u00e9lula.<\/p>\n\n\n\n<p>Finalmente, <strong>Oscar Omar \u201cNenu\u201d Ram\u00edrez<\/strong>, el \u201c<strong>gerente extramuros<\/strong>\u201d de la organizaci\u00f3n, <strong>recibi\u00f3 12 a\u00f1os de prisi\u00f3n<\/strong>. <strong>Ram\u00edrez<\/strong> era el encargado de la distribuci\u00f3n de drogas en los b\u00fankeres y del reclutamiento de nuevos miembros, adem\u00e1s de ser responsable del control de las armas y el dinero generado por el narcotr\u00e1fico. <strong>Su arresto en octubre de 2022 fue medi\u00e1tico, producido durante un seguimiento policial tras un partido de f\u00fatbol en el estadio de Rosario Central.<\/strong><\/p>\n\n\n\n<p>Este juicio es un importante avance en la lucha contra el narcotr\u00e1fico y la violencia en Rosario, un territorio hist\u00f3ricamente disputado por varias bandas criminales. Las penas impuestas a los cabecillas de esta c\u00e9lula de &#8220;Los Monos&#8221; marcan un paso hacia el debilitamiento de una de las organizaciones criminales m\u00e1s peligrosas de la ciudad.<\/p>\n<div class=\"newspaper-x-tags\"><strong>TAGS: <\/strong><span><a href=\"https:\/\/www.rosarioalerta.com.ar\/site\/archivos\/tag\/noticias-de-rosario\" rel=\"tag\">Noticias de Rosario<\/a><\/span><a href=\"https:\/\/www.rosarioalerta.com.ar\/site\/archivos\/tag\/rosario\" rel=\"tag\">Rosario<\/a><\/span><a href=\"https:\/\/www.rosarioalerta.com.ar\/site\/archivos\/tag\/santa-fe\" rel=\"tag\">Santa Fe<\/a> <\/div>","protected":false},"excerpt":{"rendered":"<p>Los condenaron por extorsiones y balaceras en barrio Ludue\u00f1a, Industrial y Empalme Graneros Este martes, cinco integrantes de una de las c\u00e9lulas m\u00e1s violentas de la banda narco de &#8220;Los Monos&#8221; fueron condenados tras aceptar juicios abreviados. Los procesados son Mat\u00edas \u201cPino\u201d Nicol\u00e1s C\u00e9sar, Andy Ben\u00edtez, Juli\u00e1n Aguirre, Mauro Gerez y Oscar Ram\u00edrez, quienes recibieron [&hellip;]<\/p>\n","protected":false},"author":2,"featured_media":21591,"comment_status":"open","ping_status":"open","sticky":false,"template":"","format":"standard","meta":{"_joinchat":[],"footnotes":""},"categories":[11,13,21,14],"tags":[95,55,65],"class_list":["post-21590","post","type-post","status-publish","format-standard","has-post-thumbnail","hentry","category-detenidos","category-judiciales","category-noticias","category-policiales","tag-noticias-de-rosario","tag-rosario","tag-santa-fe"],"_links":{"self":[{"href":"https:\/\/www.rosarioalerta.com.ar\/site\/wp-json\/wp\/v2\/posts\/21590","targetHints":{"allow":["GET"]}}],"collection":[{"href":"https:\/\/www.rosarioalerta.com.ar\/site\/wp-json\/wp\/v2\/posts"}],"about":[{"href":"https:\/\/www.rosarioalerta.com.ar\/site\/wp-json\/wp\/v2\/types\/post"}],"author":[{"embeddable":true,"href":"https:\/\/www.rosarioalerta.com.ar\/site\/wp-json\/wp\/v2\/users\/2"}],"replies":[{"embeddable":true,"href":"https:\/\/www.rosarioalerta.com.ar\/site\/wp-json\/wp\/v2\/comments?post=21590"}],"version-history":[{"count":1,"href":"https:\/\/www.rosarioalerta.com.ar\/site\/wp-json\/wp\/v2\/posts\/21590\/revisions"}],"predecessor-version":[{"id":21592,"href":"https:\/\/www.rosarioalerta.com.ar\/site\/wp-json\/wp\/v2\/posts\/21590\/revisions\/21592"}],"wp:featuredmedia":[{"embeddable":true,"href":"https:\/\/www.rosarioalerta.com.ar\/site\/wp-json\/wp\/v2\/media\/21591"}],"wp:attachment":[{"href":"https:\/\/www.rosarioalerta.com.ar\/site\/wp-json\/wp\/v2\/media?parent=21590"}],"wp:term":[{"taxonomy":"category","embeddable":true,"href":"https:\/\/www.rosarioalerta.com.ar\/site\/wp-json\/wp\/v2\/categories?post=21590"},{"taxonomy":"post_tag","embeddable":true,"href":"https:\/\/www.rosarioalerta.com.ar\/site\/wp-json\/wp\/v2\/tags?post=21590"}],"curies":[{"name":"wp","href":"https:\/\/api.w.org\/{rel}","templated":true}]}}