{"id":21586,"date":"2024-11-26T20:00:05","date_gmt":"2024-11-26T23:00:05","guid":{"rendered":"https:\/\/www.rosarioalerta.com.ar\/site\/?p=21586"},"modified":"2024-11-26T20:00:09","modified_gmt":"2024-11-26T23:00:09","slug":"cae-uno-de-los-asesinos-de-marcos-daloia","status":"publish","type":"post","link":"https:\/\/www.rosarioalerta.com.ar\/site\/archivos\/21586","title":{"rendered":"Cae uno de los asesinos de Marcos Daloia"},"content":{"rendered":"\n<p><\/p>\n\n\n\n<p>Se trata de quien conduc\u00eda la motocicleta en la que interceptaron el colectivo<\/p>\n\n\n\n<p>El homicidio de <strong>Marcos Daloia<\/strong>, fue un hecho que ha mantenido a la polic\u00eda y a la justicia trabajando arduamente en su esclarecimiento. Hoy, una nueva detenci\u00f3n en el caso ha generado avances importantes en la investigaci\u00f3n<\/p>\n\n\n\n<p>La actualizaci\u00f3n del caso se produjo, cuando este martes se concret\u00f3 la detenci\u00f3n de <strong>Jos\u00e9 Mauricio Maturano<\/strong>, quien estaba bajo un pedido de captura desde el inicio de la causa y es se\u00f1alado como uno de los coautores del asesinato, seg\u00fan hab\u00edan dado a conocer desde la Fiscal\u00eda, ser\u00eda quien conduc\u00eda la moto, en la que se desplazaba el gatillero y por el cual hab\u00eda una recompensa de 10 millones de pesos, para quienes aportaran datos y permitir la captura de este<\/p>\n\n\n\n<p><strong>Maturano<\/strong> fue arrestado en la ciudad de <strong>Buenos Aires<\/strong>, m\u00e1s precisamente en la <strong>Villa 31<\/strong>, una de las zonas m\u00e1s conocidas de la capital argentina por su alta densidad poblacional y complejidad social. La detenci\u00f3n se llev\u00f3 a cabo por efectivos de la <strong>Polic\u00eda de la Ciudad<\/strong>, luego de intensas tareas de investigaci\u00f3n que incluyeron seguimientos y an\u00e1lisis de informaci\u00f3n confidencial.<\/p>\n\n\n\n<p>El <strong>Ministerio P\u00fablico de la Acusaci\u00f3n<\/strong> (MPA) ha se\u00f1alado que, en los pr\u00f3ximos d\u00edas, se realizar\u00e1 el traslado de <strong>Maturano<\/strong> desde <strong>Buenos Aires<\/strong> hacia la ciudad de <strong>Rosario<\/strong>, donde enfrentar\u00e1 una audiencia imputativa por el homicidio de <strong>Marcos Daloia<\/strong>. En la audiencia, el acusado ser\u00e1 formalmente notificado de los cargos que se le imputan. La Fiscal\u00eda, a trav\u00e9s de la Unidad de Homicidios Dolosos, contin\u00faa trabajando para esclarecer todos los detalles que rodean el tr\u00e1gico hecho.<\/p>\n\n\n\n<p>El homicidio de <strong>Marcos Daloia<\/strong> ocurri\u00f3 el <strong>7 de marzo de este a\u00f1o<\/strong>, cuando la v\u00edctima fue asesinada en circunstancias que a\u00fan no se han detallado completamente, aunque se sabe que estuvo relacionado con un contexto de violencia en la ciudad de Rosario. El hecho caus\u00f3 conmoci\u00f3n tanto en la comunidad rosarina como a nivel nacional, debido a la brutalidad con la que se perpetr\u00f3 el crimen.<\/p>\n\n\n\n<p><strong>Tres condenados por el asesinato de Marcos Daloia<\/strong><\/p>\n\n\n\n<p>En la causa por el homicidio de Marcos Daloia, tres personas han sido condenadas hasta el momento. El primero fue <strong>Axel Ignacio Herrera<\/strong> (19), quien fue identificado como el autor material de los disparos mortales que acabaron con la vida de <strong>Daloia<\/strong> y est\u00e1 con prisi\u00f3n preventiva. Por otro lado, <strong>Jes\u00fas Ch\u00e1vez y Marcelo Caro<\/strong> recibieron una pena de <strong>tres a\u00f1os de prisi\u00f3n de ejecuci\u00f3n condicional<\/strong>, ya que fueron hallados responsables de <strong>esconder la ropa de los sicarios<\/strong> <strong>y la moto<\/strong> utilizada en el homicidio.<\/p>\n\n\n\n<p>Adem\u00e1s, se hab\u00eda entregado <strong>Joana Garc\u00eda<\/strong>, quien afirm\u00f3 ser expareja de <strong>Jos\u00e9 Mauricio Maturano<\/strong>, uno de los principales acusados. <strong>Garc\u00eda<\/strong> tambi\u00e9n est\u00e1 vinculada al asesinato de <strong>Bruno Bussanich<\/strong>, el playero asesinado en la estaci\u00f3n de servicio de <strong>Mendoza al 7600<\/strong> el 10 de marzo de 2024, pocos d\u00edas despu\u00e9s del crimen de <strong>Daloia<\/strong>.<\/p>\n\n\n\n<p class=\"has-text-align-center\"><strong>Mientras tanto en Rosario<\/strong><\/p>\n\n\n\n<p>Hubo dos detenidos tras ser interceptados con armas. La Polic\u00eda los detuvo luego de que uno de ellos intentara hacerse pasar por personal policial y portara un arma de fuego sin documentaci\u00f3n. Durante un procedimiento aleatorio de <strong>identificaci\u00f3n de veh\u00edculos y personas<\/strong>, que llevaban adelante en <strong>Piamonte al 2800<\/strong>, personal del <strong>Comando Radioel\u00e9ctrico<\/strong>, es alertado por el conductor de VW Gol Trend color negro, quien se identifica como <strong>Rodrigo Walter G<\/strong> y afirm\u00f3 ser v\u00edctima de un robo ocurrido horas antes. Tambi\u00e9n dijo ser polic\u00eda y los agentes notaron que llevaba un arma en la cintura, por lo que solicitaron su credencial. Ante la falta de documentaci\u00f3n, realizaron un chequeo en el que encontraron una pistola calibre 9 mm con un cartucho en la rec\u00e1mara y cinco en el cargador, sin que el detenido pudiera justificar su posesi\u00f3n.<\/p>\n\n\n\n<p><strong>Rodrigo Walter G de 27 a\u00f1os<\/strong> y su acompa\u00f1ante, <strong>Leonardo Daniel S de 35,<\/strong> fueron aprehendidos y trasladados a la <strong>Comisar\u00eda 21\u00ba<\/strong> por razones de jurisdicci\u00f3n. Adem\u00e1s, secuestraron el rodado<\/p>\n\n\n\n<figure class=\"wp-block-image size-large\"><img loading=\"lazy\" decoding=\"async\" width=\"1024\" height=\"576\" src=\"https:\/\/www.rosarioalerta.com.ar\/site\/wp-content\/uploads\/2024\/11\/detenidos-3-2-1024x576.jpg\" alt=\"\" class=\"wp-image-21587\" srcset=\"https:\/\/www.rosarioalerta.com.ar\/site\/wp-content\/uploads\/2024\/11\/detenidos-3-2-1024x576.jpg 1024w, https:\/\/www.rosarioalerta.com.ar\/site\/wp-content\/uploads\/2024\/11\/detenidos-3-2-300x169.jpg 300w, https:\/\/www.rosarioalerta.com.ar\/site\/wp-content\/uploads\/2024\/11\/detenidos-3-2-768x432.jpg 768w, https:\/\/www.rosarioalerta.com.ar\/site\/wp-content\/uploads\/2024\/11\/detenidos-3-2-1536x864.jpg 1536w, https:\/\/www.rosarioalerta.com.ar\/site\/wp-content\/uploads\/2024\/11\/detenidos-3-2-696x392.jpg 696w, https:\/\/www.rosarioalerta.com.ar\/site\/wp-content\/uploads\/2024\/11\/detenidos-3-2-1068x601.jpg 1068w, https:\/\/www.rosarioalerta.com.ar\/site\/wp-content\/uploads\/2024\/11\/detenidos-3-2-747x420.jpg 747w, https:\/\/www.rosarioalerta.com.ar\/site\/wp-content\/uploads\/2024\/11\/detenidos-3-2.jpg 1920w\" sizes=\"auto, (max-width: 1024px) 100vw, 1024px\" \/><\/figure>\n<div class=\"newspaper-x-tags\"><strong>TAGS: <\/strong><span><a href=\"https:\/\/www.rosarioalerta.com.ar\/site\/archivos\/tag\/jose-mauricio-maturano\" rel=\"tag\">Jos\u00e9 Mauricio Maturano<\/a><\/span><a href=\"https:\/\/www.rosarioalerta.com.ar\/site\/archivos\/tag\/marcos-daiola\" rel=\"tag\">Marcos Daiola<\/a><\/span><a href=\"https:\/\/www.rosarioalerta.com.ar\/site\/archivos\/tag\/noticias-de-rosario\" rel=\"tag\">Noticias de Rosario<\/a><\/span><a href=\"https:\/\/www.rosarioalerta.com.ar\/site\/archivos\/tag\/rosario\" rel=\"tag\">Rosario<\/a><\/span><a href=\"https:\/\/www.rosarioalerta.com.ar\/site\/archivos\/tag\/santa-fe\" rel=\"tag\">Santa Fe<\/a> <\/div>","protected":false},"excerpt":{"rendered":"<p>Se trata de quien conduc\u00eda la motocicleta en la que interceptaron el colectivo El homicidio de Marcos Daloia, fue un hecho que ha mantenido a la polic\u00eda y a la justicia trabajando arduamente en su esclarecimiento. Hoy, una nueva detenci\u00f3n en el caso ha generado avances importantes en la investigaci\u00f3n La actualizaci\u00f3n del caso se [&hellip;]<\/p>\n","protected":false},"author":2,"featured_media":21588,"comment_status":"open","ping_status":"open","sticky":false,"template":"","format":"standard","meta":{"_joinchat":[],"footnotes":""},"categories":[12,11,21,14],"tags":[798,1067,95,55,65],"class_list":["post-21586","post","type-post","status-publish","format-standard","has-post-thumbnail","hentry","category-allanamientos","category-detenidos","category-noticias","category-policiales","tag-jose-mauricio-maturano","tag-marcos-daiola","tag-noticias-de-rosario","tag-rosario","tag-santa-fe"],"_links":{"self":[{"href":"https:\/\/www.rosarioalerta.com.ar\/site\/wp-json\/wp\/v2\/posts\/21586","targetHints":{"allow":["GET"]}}],"collection":[{"href":"https:\/\/www.rosarioalerta.com.ar\/site\/wp-json\/wp\/v2\/posts"}],"about":[{"href":"https:\/\/www.rosarioalerta.com.ar\/site\/wp-json\/wp\/v2\/types\/post"}],"author":[{"embeddable":true,"href":"https:\/\/www.rosarioalerta.com.ar\/site\/wp-json\/wp\/v2\/users\/2"}],"replies":[{"embeddable":true,"href":"https:\/\/www.rosarioalerta.com.ar\/site\/wp-json\/wp\/v2\/comments?post=21586"}],"version-history":[{"count":1,"href":"https:\/\/www.rosarioalerta.com.ar\/site\/wp-json\/wp\/v2\/posts\/21586\/revisions"}],"predecessor-version":[{"id":21589,"href":"https:\/\/www.rosarioalerta.com.ar\/site\/wp-json\/wp\/v2\/posts\/21586\/revisions\/21589"}],"wp:featuredmedia":[{"embeddable":true,"href":"https:\/\/www.rosarioalerta.com.ar\/site\/wp-json\/wp\/v2\/media\/21588"}],"wp:attachment":[{"href":"https:\/\/www.rosarioalerta.com.ar\/site\/wp-json\/wp\/v2\/media?parent=21586"}],"wp:term":[{"taxonomy":"category","embeddable":true,"href":"https:\/\/www.rosarioalerta.com.ar\/site\/wp-json\/wp\/v2\/categories?post=21586"},{"taxonomy":"post_tag","embeddable":true,"href":"https:\/\/www.rosarioalerta.com.ar\/site\/wp-json\/wp\/v2\/tags?post=21586"}],"curies":[{"name":"wp","href":"https:\/\/api.w.org\/{rel}","templated":true}]}}