{"id":21478,"date":"2024-11-21T21:40:00","date_gmt":"2024-11-22T00:40:00","guid":{"rendered":"https:\/\/www.rosarioalerta.com.ar\/site\/?p=21478"},"modified":"2024-11-21T21:40:01","modified_gmt":"2024-11-22T00:40:01","slug":"robos-capturas-y-objetos-sospechosos","status":"publish","type":"post","link":"https:\/\/www.rosarioalerta.com.ar\/site\/archivos\/21478","title":{"rendered":"Robos, capturas y objetos sospechosos"},"content":{"rendered":"\n<p><\/p>\n\n\n\n<p>La polic\u00eda de Rosario realiz\u00f3 tres importantes aprehensiones, en distintos procedimientos<\/p>\n\n\n\n<p>En el primer hecho, ocurrido alrededor de las 15.30, en <strong>Pascual Rosas y Rueda, <\/strong>donde dos hombres fueron detenidos tras un robo calificado. La polic\u00eda fue alertada por un vecino que hab\u00eda sido v\u00edctima de un asalto a mano armada. Al llegar a la escena, los agentes del orden, dieron con el autor, quien intentaba escapar en una bicicleta. Tras su aprehensi\u00f3n, \u00a0secuestraron una cadena, una funda porta elementos, un chaleco t\u00e1ctico y la bicicleta involucrada en el robo<\/p>\n\n\n\n<figure class=\"wp-block-image size-large\"><img loading=\"lazy\" decoding=\"async\" width=\"1024\" height=\"576\" src=\"https:\/\/www.rosarioalerta.com.ar\/site\/wp-content\/uploads\/2024\/11\/caso-1-con-M--1024x576.jpg\" alt=\"\" class=\"wp-image-21479\" srcset=\"https:\/\/www.rosarioalerta.com.ar\/site\/wp-content\/uploads\/2024\/11\/caso-1-con-M--1024x576.jpg 1024w, https:\/\/www.rosarioalerta.com.ar\/site\/wp-content\/uploads\/2024\/11\/caso-1-con-M--300x169.jpg 300w, https:\/\/www.rosarioalerta.com.ar\/site\/wp-content\/uploads\/2024\/11\/caso-1-con-M--768x432.jpg 768w, https:\/\/www.rosarioalerta.com.ar\/site\/wp-content\/uploads\/2024\/11\/caso-1-con-M--1536x864.jpg 1536w, https:\/\/www.rosarioalerta.com.ar\/site\/wp-content\/uploads\/2024\/11\/caso-1-con-M--696x392.jpg 696w, https:\/\/www.rosarioalerta.com.ar\/site\/wp-content\/uploads\/2024\/11\/caso-1-con-M--1068x601.jpg 1068w, https:\/\/www.rosarioalerta.com.ar\/site\/wp-content\/uploads\/2024\/11\/caso-1-con-M--747x420.jpg 747w, https:\/\/www.rosarioalerta.com.ar\/site\/wp-content\/uploads\/2024\/11\/caso-1-con-M-.jpg 1920w\" sizes=\"auto, (max-width: 1024px) 100vw, 1024px\" \/><\/figure>\n\n\n\n<p>Momentos m\u00e1s tarde, un segundo operativo dio lugar a la detenci\u00f3n de <strong>Jorge Luis O de 21 a\u00f1os<\/strong>, quien al ser identificado por la <strong>Brigada Motorizada<\/strong> en la zona de <strong>Casiano<\/strong> <strong>Casas y Cavia<\/strong>, fue encontrado con un pedido de captura vigente, desde el 28 de agosto del corriente a\u00f1o, solicitado por la oficina de gesti\u00f3n judicial de los tribunales de <strong>Reconquista<\/strong>. El joven, que no portaba su DNI, estaba involucrado en una causa de robo calificado. Fue trasladado a la <strong>Comisar\u00eda 10\u00ba, <\/strong>donde se iniciaron las actuaciones correspondientes.<\/p>\n\n\n\n<p>Finalmente, en un patrullaje preventivo en <strong>Felipe Mor\u00e9 y G\u00e1lvez<\/strong>, los uniformados lograron la aprehensi\u00f3n de <strong>Edgardo Rub\u00e9n A de 35 a\u00f1os<\/strong>. Al ser identificado por el personal del <strong>Comando Radioel\u00e9ctrico<\/strong>, constataron que ten\u00eda un pedido de captura activo por parte del <strong>Juzgado Correccional N\u00b01 de la provincia de Chaco<\/strong>. Adem\u00e1s, el hombre trasladaba en una motocicleta un equipo completo aire acondicionado, cuya procedencia no pudo justificar.<\/p>\n<div class=\"newspaper-x-tags\"><strong>TAGS: <\/strong><span><a href=\"https:\/\/www.rosarioalerta.com.ar\/site\/archivos\/tag\/noticias-de-rosario\" rel=\"tag\">Noticias de Rosario<\/a><\/span><a href=\"https:\/\/www.rosarioalerta.com.ar\/site\/archivos\/tag\/rosario\" rel=\"tag\">Rosario<\/a><\/span><a href=\"https:\/\/www.rosarioalerta.com.ar\/site\/archivos\/tag\/santa-fe\" rel=\"tag\">Santa Fe<\/a> <\/div>","protected":false},"excerpt":{"rendered":"<p>La polic\u00eda de Rosario realiz\u00f3 tres importantes aprehensiones, en distintos procedimientos En el primer hecho, ocurrido alrededor de las 15.30, en Pascual Rosas y Rueda, donde dos hombres fueron detenidos tras un robo calificado. La polic\u00eda fue alertada por un vecino que hab\u00eda sido v\u00edctima de un asalto a mano armada. Al llegar a la [&hellip;]<\/p>\n","protected":false},"author":2,"featured_media":21480,"comment_status":"open","ping_status":"open","sticky":false,"template":"","format":"standard","meta":{"_joinchat":[],"footnotes":""},"categories":[11,21,14,2],"tags":[95,55,65],"class_list":["post-21478","post","type-post","status-publish","format-standard","has-post-thumbnail","hentry","category-detenidos","category-noticias","category-policiales","category-robos","tag-noticias-de-rosario","tag-rosario","tag-santa-fe"],"_links":{"self":[{"href":"https:\/\/www.rosarioalerta.com.ar\/site\/wp-json\/wp\/v2\/posts\/21478","targetHints":{"allow":["GET"]}}],"collection":[{"href":"https:\/\/www.rosarioalerta.com.ar\/site\/wp-json\/wp\/v2\/posts"}],"about":[{"href":"https:\/\/www.rosarioalerta.com.ar\/site\/wp-json\/wp\/v2\/types\/post"}],"author":[{"embeddable":true,"href":"https:\/\/www.rosarioalerta.com.ar\/site\/wp-json\/wp\/v2\/users\/2"}],"replies":[{"embeddable":true,"href":"https:\/\/www.rosarioalerta.com.ar\/site\/wp-json\/wp\/v2\/comments?post=21478"}],"version-history":[{"count":1,"href":"https:\/\/www.rosarioalerta.com.ar\/site\/wp-json\/wp\/v2\/posts\/21478\/revisions"}],"predecessor-version":[{"id":21481,"href":"https:\/\/www.rosarioalerta.com.ar\/site\/wp-json\/wp\/v2\/posts\/21478\/revisions\/21481"}],"wp:featuredmedia":[{"embeddable":true,"href":"https:\/\/www.rosarioalerta.com.ar\/site\/wp-json\/wp\/v2\/media\/21480"}],"wp:attachment":[{"href":"https:\/\/www.rosarioalerta.com.ar\/site\/wp-json\/wp\/v2\/media?parent=21478"}],"wp:term":[{"taxonomy":"category","embeddable":true,"href":"https:\/\/www.rosarioalerta.com.ar\/site\/wp-json\/wp\/v2\/categories?post=21478"},{"taxonomy":"post_tag","embeddable":true,"href":"https:\/\/www.rosarioalerta.com.ar\/site\/wp-json\/wp\/v2\/tags?post=21478"}],"curies":[{"name":"wp","href":"https:\/\/api.w.org\/{rel}","templated":true}]}}