{"id":21456,"date":"2024-11-21T08:51:37","date_gmt":"2024-11-21T11:51:37","guid":{"rendered":"https:\/\/www.rosarioalerta.com.ar\/site\/?p=21456"},"modified":"2024-11-21T08:51:41","modified_gmt":"2024-11-21T11:51:41","slug":"detienen-a-un-joven-en-rosario-por-abuso-de-arma-amenazas-y-extorsion","status":"publish","type":"post","link":"https:\/\/www.rosarioalerta.com.ar\/site\/archivos\/21456","title":{"rendered":"Detienen a un joven en Rosario por abuso de arma, amenazas y extorsi\u00f3n"},"content":{"rendered":"\n<p><\/p>\n\n\n\n<p>La detenci\u00f3n se llev\u00f3 adelante en la playa de una estaci\u00f3n de servicios en el sudoeste de la ciudad<\/p>\n\n\n\n<p>La <strong>Polic\u00eda de Investigaciones<\/strong> (PDI) de Rosario logr\u00f3 la aprehensi\u00f3n de <strong>Valent\u00edn T<\/strong> un joven de 19 a\u00f1os, acusado de abuso de arma, amenazas y extorsiones. El operativo se llev\u00f3 a cabo ayer en las inmediaciones de <strong>27 de Febrero y Avellaneda<\/strong>, luego de una denuncia presentada por la v\u00edctima, quien hab\u00eda sido v\u00edctima de estos delitos desde fines de octubre.<\/p>\n\n\n\n<p>El hecho delictivo comenz\u00f3 a ra\u00edz de una serie de amenazas y extorsiones que la v\u00edctima recibi\u00f3 a trav\u00e9s de mensajes de <strong>WhatsApp<\/strong> desde un n\u00famero desconocido. La situaci\u00f3n se agrav\u00f3 en los primeros d\u00edas de noviembre, cuando personas no identificadas dispararon contra su domicilio, generando un alto grado de temor e inseguridad. Ante este escenario, la v\u00edctima se dirigi\u00f3 a la <strong>PDI<\/strong> para realizar la denuncia correspondiente, lo que dio inicio a una investigaci\u00f3n.<\/p>\n\n\n\n<p>La causa fue derivada al <strong>fiscal Pablo Socca<\/strong>, quien bajo su supervisi\u00f3n orden\u00f3 una serie de tareas investigativas que incluyeron seguimientos y operativos encubiertos. Gracias a estos esfuerzos, el personal de la <strong>Divisi\u00f3n de Balaceras Distrito Rosario <\/strong>logr\u00f3 identificar y capturar al sospechoso, Valent\u00edn T., quien se encuentra detenido a la espera de su audiencia imputativa.<\/p>\n\n\n\n<p>Este procedimiento se enmarca dentro de los objetivos prioritarios establecidos por el <strong>Ministerio P\u00fablico de la Acusaci\u00f3n<\/strong> (MPA) en su Plan de Persecuci\u00f3n Penal. Las autoridades contin\u00faan trabajando para esclarecer los detalles de este caso y determinar si hay otros implicados en los delitos mencionados.<\/p>\n\n\n\n<p>La aprehensi\u00f3n de <strong>Valent\u00edn T<\/strong>. refuerza el compromiso de las fuerzas de seguridad y la justicia en la lucha contra la violencia y la delincuencia organizada en la ciudad.<\/p>\n\n\n\n<p class=\"has-text-align-center\"><strong>Otro allanamiento<\/strong><\/p>\n\n\n\n<p>Ayer en otro procedimiento, la <strong>PDI<\/strong> detuvo a dos hombres por amenazas. El hecho habr\u00eda tenido lugar la semana pasada, en donde tambi\u00e9n detuvieron a una pareja. Los allanamientos tuvieron lugar en <strong>Salvat al 2400, Boyero al 100 y Pasaje 13129 al 3800, <\/strong>en el marco de una investigaci\u00f3n por usura y amenazas coactivas. Durante los mismos, fueron aprehendidos<strong> Facundo M. y Jorge R, ambos de 40 a\u00f1os<\/strong>, adem\u00e1s secuestraron; celulares, chips, dos plantas de marihuana, una notebook y un cuaderno con anotaciones vinculadas al caso.<\/p>\n\n\n\n<p>Los allanamientos fueron en base a una investigaci\u00f3n por un hecho de usura y amenazas coactivas, donde la v\u00edctima denunci\u00f3 nuevas amenazas, incluyendo el env\u00edo de fotograf\u00edas de su hijo menor de edad. A ra\u00edz de esta denuncia, los investigadores intensificaron las tareas y, el s\u00e1bado pasado, realizaron un allanamiento que result\u00f3 en la detenci\u00f3n de <strong>Marlen B de 27 a\u00f1os y Nicol\u00e1s N de 29<\/strong>, adem\u00e1s del secuestro de diversos elementos de inter\u00e9s para la causa.<\/p>\n\n\n\n<p>El caso es llevado adelante por el Fiscal Caterina<\/p>\n\n\n\n<figure class=\"wp-block-image size-large\"><img loading=\"lazy\" decoding=\"async\" width=\"1024\" height=\"576\" src=\"https:\/\/www.rosarioalerta.com.ar\/site\/wp-content\/uploads\/2024\/11\/PDI-5-1024x576.jpg\" alt=\"\" class=\"wp-image-21457\" srcset=\"https:\/\/www.rosarioalerta.com.ar\/site\/wp-content\/uploads\/2024\/11\/PDI-5-1024x576.jpg 1024w, https:\/\/www.rosarioalerta.com.ar\/site\/wp-content\/uploads\/2024\/11\/PDI-5-300x169.jpg 300w, https:\/\/www.rosarioalerta.com.ar\/site\/wp-content\/uploads\/2024\/11\/PDI-5-768x432.jpg 768w, https:\/\/www.rosarioalerta.com.ar\/site\/wp-content\/uploads\/2024\/11\/PDI-5-1536x864.jpg 1536w, https:\/\/www.rosarioalerta.com.ar\/site\/wp-content\/uploads\/2024\/11\/PDI-5-696x392.jpg 696w, https:\/\/www.rosarioalerta.com.ar\/site\/wp-content\/uploads\/2024\/11\/PDI-5-1068x601.jpg 1068w, https:\/\/www.rosarioalerta.com.ar\/site\/wp-content\/uploads\/2024\/11\/PDI-5-747x420.jpg 747w, https:\/\/www.rosarioalerta.com.ar\/site\/wp-content\/uploads\/2024\/11\/PDI-5.jpg 1920w\" sizes=\"auto, (max-width: 1024px) 100vw, 1024px\" \/><\/figure>\n<div class=\"newspaper-x-tags\"><strong>TAGS: <\/strong><span><a href=\"https:\/\/www.rosarioalerta.com.ar\/site\/archivos\/tag\/noticias-de-rosario\" rel=\"tag\">Noticias de Rosario<\/a><\/span><a href=\"https:\/\/www.rosarioalerta.com.ar\/site\/archivos\/tag\/pdi\" rel=\"tag\">PDI<\/a><\/span><a href=\"https:\/\/www.rosarioalerta.com.ar\/site\/archivos\/tag\/policia-de-investigaciones\" rel=\"tag\">Polic\u00eda de Investigaciones<\/a><\/span><a href=\"https:\/\/www.rosarioalerta.com.ar\/site\/archivos\/tag\/rosario\" rel=\"tag\">Rosario<\/a><\/span><a href=\"https:\/\/www.rosarioalerta.com.ar\/site\/archivos\/tag\/santa-fe\" rel=\"tag\">Santa Fe<\/a> <\/div>","protected":false},"excerpt":{"rendered":"<p>La detenci\u00f3n se llev\u00f3 adelante en la playa de una estaci\u00f3n de servicios en el sudoeste de la ciudad La Polic\u00eda de Investigaciones (PDI) de Rosario logr\u00f3 la aprehensi\u00f3n de Valent\u00edn T un joven de 19 a\u00f1os, acusado de abuso de arma, amenazas y extorsiones. El operativo se llev\u00f3 a cabo ayer en las inmediaciones [&hellip;]<\/p>\n","protected":false},"author":2,"featured_media":21458,"comment_status":"open","ping_status":"open","sticky":false,"template":"","format":"standard","meta":{"_joinchat":[],"footnotes":""},"categories":[12,11,18,21,14],"tags":[95,470,625,55,65],"class_list":["post-21456","post","type-post","status-publish","format-standard","has-post-thumbnail","hentry","category-allanamientos","category-detenidos","category-institucional","category-noticias","category-policiales","tag-noticias-de-rosario","tag-pdi","tag-policia-de-investigaciones","tag-rosario","tag-santa-fe"],"_links":{"self":[{"href":"https:\/\/www.rosarioalerta.com.ar\/site\/wp-json\/wp\/v2\/posts\/21456","targetHints":{"allow":["GET"]}}],"collection":[{"href":"https:\/\/www.rosarioalerta.com.ar\/site\/wp-json\/wp\/v2\/posts"}],"about":[{"href":"https:\/\/www.rosarioalerta.com.ar\/site\/wp-json\/wp\/v2\/types\/post"}],"author":[{"embeddable":true,"href":"https:\/\/www.rosarioalerta.com.ar\/site\/wp-json\/wp\/v2\/users\/2"}],"replies":[{"embeddable":true,"href":"https:\/\/www.rosarioalerta.com.ar\/site\/wp-json\/wp\/v2\/comments?post=21456"}],"version-history":[{"count":1,"href":"https:\/\/www.rosarioalerta.com.ar\/site\/wp-json\/wp\/v2\/posts\/21456\/revisions"}],"predecessor-version":[{"id":21459,"href":"https:\/\/www.rosarioalerta.com.ar\/site\/wp-json\/wp\/v2\/posts\/21456\/revisions\/21459"}],"wp:featuredmedia":[{"embeddable":true,"href":"https:\/\/www.rosarioalerta.com.ar\/site\/wp-json\/wp\/v2\/media\/21458"}],"wp:attachment":[{"href":"https:\/\/www.rosarioalerta.com.ar\/site\/wp-json\/wp\/v2\/media?parent=21456"}],"wp:term":[{"taxonomy":"category","embeddable":true,"href":"https:\/\/www.rosarioalerta.com.ar\/site\/wp-json\/wp\/v2\/categories?post=21456"},{"taxonomy":"post_tag","embeddable":true,"href":"https:\/\/www.rosarioalerta.com.ar\/site\/wp-json\/wp\/v2\/tags?post=21456"}],"curies":[{"name":"wp","href":"https:\/\/api.w.org\/{rel}","templated":true}]}}