{"id":21453,"date":"2024-11-21T07:08:59","date_gmt":"2024-11-21T10:08:59","guid":{"rendered":"https:\/\/www.rosarioalerta.com.ar\/site\/?p=21453"},"modified":"2024-11-21T07:09:05","modified_gmt":"2024-11-21T10:09:05","slug":"caso-sofia-delgado-protestas-incendio-y-disturbios-en-pto-gral-san-martin","status":"publish","type":"post","link":"https:\/\/www.rosarioalerta.com.ar\/site\/archivos\/21453","title":{"rendered":"Caso Sof\u00eda Delgado: Protestas, incendio y disturbios en Pto Gral San Mart\u00edn"},"content":{"rendered":"\n<p><\/p>\n\n\n\n<p>Anoche hubo un cruce entre familiares de los acusados y allegados a la v\u00edctima, termin\u00f3 con un detenido<\/p>\n\n\n\n<p>Un enfrentamiento violento tuvo lugar en las inmediaciones de las calles <strong>Corrientes y Paraguay<\/strong>, en <strong>Puerto Gral. San Mart\u00edn<\/strong>, como parte de una manifestaci\u00f3n en apoyo a la causa de <strong>Sof\u00eda Delgado<\/strong>. Alrededor de 150 personas se agruparon para protestar, lo que deriv\u00f3 en da\u00f1os materiales y una agresi\u00f3n f\u00edsica, que culmin\u00f3 con la detenci\u00f3n de un hombre.<\/p>\n\n\n\n<p>Los incidentes comenzaron cerca de las 18:30, cuando un grupo de manifestantes se congreg\u00f3 en la calle <strong>Corrientes al 100<\/strong>, frente al taller mec\u00e1nico de uno de los imputados en el caso de <strong>Sof\u00eda Delgado<\/strong>. Posteriormente, los manifestantes se desplazaron hacia la calle <strong>Paraguay al 0, <\/strong>donde vive la madre de <strong>Alejandro Bevilaqua<\/strong>, quien tambi\u00e9n est\u00e1 detenido por la misma causa.<\/p>\n\n\n\n<p>En el lugar, se produjo un incidente de violencia cuando <strong>L\u00e1zaro Alexis R de 24 a\u00f1os (novio de Sof\u00eda)<\/strong>, agredi\u00f3 f\u00edsicamente al cu\u00f1ado de <strong>Bevilaqua<\/strong>, con golpes de pu\u00f1o. La agresi\u00f3n motiv\u00f3 la intervenci\u00f3n policial y la aprehensi\u00f3n de <strong>L\u00e1zaro<\/strong>. La manifestaci\u00f3n no ces\u00f3 all\u00ed, ya que los participantes continuaron con su marcha hacia la calle <strong>Cayetano Silva al 100<\/strong>, donde realizaron pintadas y pegatinas con mensajes de protesta.<\/p>\n\n\n\n<figure class=\"wp-block-embed is-type-rich is-provider-twitter wp-block-embed-twitter\"><div class=\"wp-block-embed__wrapper\">\n<div class=\"newspaper-x-video-container\"><blockquote class=\"twitter-tweet\" data-width=\"550\" data-dnt=\"true\"><p lang=\"es\" dir=\"ltr\">Fueron a la casa de mi hermano, lo golpearon a el y atormentan a su mujer por ser hermana de este HDP asesino, Alejandro bebilavcua no se habla con la hermana (mi cu\u00f1ada) hace meses, entiendo la bronca de todos pero la familia no tiene la culpa de nada, mis sobrinas llorando+<\/p>&mdash; Mailu \u2764\ufe0f\u200d\ud83d\udd25 (@MailenMaciell) <a href=\"https:\/\/twitter.com\/MailenMaciell\/status\/1859375557789524189?ref_src=twsrc%5Etfw\">November 20, 2024<\/a><\/blockquote><script async src=\"https:\/\/platform.twitter.com\/widgets.js\" charset=\"utf-8\"><\/script><\/div>\n<\/div><\/figure>\n\n\n\n<p class=\"has-text-align-center\"><strong>Da\u00f1os materiales y m\u00e1s disturbios<\/strong><\/p>\n\n\n\n<p>M\u00e1s tarde, los manifestantes hab\u00edan incendiado una batea de cami\u00f3n que se encontraba dentro de un predio en calle <strong>Paraguay al 59<\/strong>. Los da\u00f1os materiales fueron considerables, y la situaci\u00f3n deriv\u00f3 en un despliegue policial para contener los disturbios.<\/p>\n\n\n\n<p>La fiscal <strong>Melisa Serena<\/strong>, a cargo de la investigaci\u00f3n, orden\u00f3 que <strong>L\u00e1zaro R.<\/strong> contin\u00fae detenido, adem\u00e1s de solicitar la identificaci\u00f3n de m\u00e1s manifestantes, con la posibilidad de proceder a nuevas aprehensiones.<\/p>\n\n\n\n<p class=\"has-text-align-center\"><strong>Un clima de tensi\u00f3n creciente<\/strong><\/p>\n\n\n\n<p>Los hechos en <strong>Puerto Gral San Mart\u00edn<\/strong> reflejan la creciente tensi\u00f3n en torno a las protestas por el caso de <strong>Sof\u00eda Delgado<\/strong>. La violencia, que empez\u00f3 como una manifestaci\u00f3n pac\u00edfica, termin\u00f3 con personas detenidas, da\u00f1os materiales y un clima tenso en la zona. Las autoridades contin\u00faan investigando los hechos para dar con m\u00e1s responsables de los desmanes ocurridos.<\/p>\n<div class=\"newspaper-x-tags\"><strong>TAGS: <\/strong><span><a href=\"https:\/\/www.rosarioalerta.com.ar\/site\/archivos\/tag\/noticias-de-pto-gral-san-martin-2\" rel=\"tag\">Noticias de Pto Gral San Mart\u00edn<\/a><\/span><a href=\"https:\/\/www.rosarioalerta.com.ar\/site\/archivos\/tag\/noticias-de-rosario\" rel=\"tag\">Noticias de Rosario<\/a><\/span><a href=\"https:\/\/www.rosarioalerta.com.ar\/site\/archivos\/tag\/noticias-de-san-lorenzo\" rel=\"tag\">Noticias de San Lorenzo<\/a><\/span><a href=\"https:\/\/www.rosarioalerta.com.ar\/site\/archivos\/tag\/pto-gral-san-martin\" rel=\"tag\">Pto Gral San Mart\u00edn<\/a><\/span><a href=\"https:\/\/www.rosarioalerta.com.ar\/site\/archivos\/tag\/rosario\" rel=\"tag\">Rosario<\/a><\/span><a href=\"https:\/\/www.rosarioalerta.com.ar\/site\/archivos\/tag\/san-lorenzo\" rel=\"tag\">San Lorenzo<\/a><\/span><a href=\"https:\/\/www.rosarioalerta.com.ar\/site\/archivos\/tag\/santa-fe\" rel=\"tag\">Santa Fe<\/a> <\/div>","protected":false},"excerpt":{"rendered":"<p>Anoche hubo un cruce entre familiares de los acusados y allegados a la v\u00edctima, termin\u00f3 con un detenido Un enfrentamiento violento tuvo lugar en las inmediaciones de las calles Corrientes y Paraguay, en Puerto Gral. San Mart\u00edn, como parte de una manifestaci\u00f3n en apoyo a la causa de Sof\u00eda Delgado. Alrededor de 150 personas se [&hellip;]<\/p>\n","protected":false},"author":2,"featured_media":21454,"comment_status":"open","ping_status":"open","sticky":false,"template":"","format":"standard","meta":{"_joinchat":[],"footnotes":""},"categories":[11,21,14],"tags":[472,95,238,471,55,168,65],"class_list":["post-21453","post","type-post","status-publish","format-standard","has-post-thumbnail","hentry","category-detenidos","category-noticias","category-policiales","tag-noticias-de-pto-gral-san-martin-2","tag-noticias-de-rosario","tag-noticias-de-san-lorenzo","tag-pto-gral-san-martin","tag-rosario","tag-san-lorenzo","tag-santa-fe"],"_links":{"self":[{"href":"https:\/\/www.rosarioalerta.com.ar\/site\/wp-json\/wp\/v2\/posts\/21453","targetHints":{"allow":["GET"]}}],"collection":[{"href":"https:\/\/www.rosarioalerta.com.ar\/site\/wp-json\/wp\/v2\/posts"}],"about":[{"href":"https:\/\/www.rosarioalerta.com.ar\/site\/wp-json\/wp\/v2\/types\/post"}],"author":[{"embeddable":true,"href":"https:\/\/www.rosarioalerta.com.ar\/site\/wp-json\/wp\/v2\/users\/2"}],"replies":[{"embeddable":true,"href":"https:\/\/www.rosarioalerta.com.ar\/site\/wp-json\/wp\/v2\/comments?post=21453"}],"version-history":[{"count":1,"href":"https:\/\/www.rosarioalerta.com.ar\/site\/wp-json\/wp\/v2\/posts\/21453\/revisions"}],"predecessor-version":[{"id":21455,"href":"https:\/\/www.rosarioalerta.com.ar\/site\/wp-json\/wp\/v2\/posts\/21453\/revisions\/21455"}],"wp:featuredmedia":[{"embeddable":true,"href":"https:\/\/www.rosarioalerta.com.ar\/site\/wp-json\/wp\/v2\/media\/21454"}],"wp:attachment":[{"href":"https:\/\/www.rosarioalerta.com.ar\/site\/wp-json\/wp\/v2\/media?parent=21453"}],"wp:term":[{"taxonomy":"category","embeddable":true,"href":"https:\/\/www.rosarioalerta.com.ar\/site\/wp-json\/wp\/v2\/categories?post=21453"},{"taxonomy":"post_tag","embeddable":true,"href":"https:\/\/www.rosarioalerta.com.ar\/site\/wp-json\/wp\/v2\/tags?post=21453"}],"curies":[{"name":"wp","href":"https:\/\/api.w.org\/{rel}","templated":true}]}}