{"id":21437,"date":"2024-11-20T14:36:18","date_gmt":"2024-11-20T17:36:18","guid":{"rendered":"https:\/\/www.rosarioalerta.com.ar\/site\/?p=21437"},"modified":"2024-11-20T14:36:21","modified_gmt":"2024-11-20T17:36:21","slug":"nuevamente-lorena-verdun-tras-las-rejas","status":"publish","type":"post","link":"https:\/\/www.rosarioalerta.com.ar\/site\/archivos\/21437","title":{"rendered":"Nuevamente Lorena Verd\u00fan tras las rejas"},"content":{"rendered":"\n<p><\/p>\n\n\n\n<p>En un juicio abreviado fue condenada por asociaci\u00f3n il\u00edcita, junto a <strong>Gast\u00f3n Schneider, hijo del P\u00e1jaro Cantero<\/strong><\/p>\n\n\n\n<p>La justicia rosarina dict\u00f3 condenas por asociaci\u00f3n il\u00edcita, extorsi\u00f3n y tenencia ilegal de armas a los l\u00edderes de una peligrosa banda que operaba en la zona sur de la ciudad<\/p>\n\n\n\n<p>El mi\u00e9rcoles, en el <em>Centro de Justicia Penal de Rosario<\/em>, los jueces de primera instancia homologaron el procedimiento abreviado presentado por la Fiscal\u00eda, condenando a <strong>Lorena Verdun y Gast\u00f3n Schneider<\/strong> por sus roles en una organizaci\u00f3n criminal que dominaba sectores de la ciudad a trav\u00e9s de la violencia y la extorsi\u00f3n.<\/p>\n\n\n\n<p><strong>Lorena Verdun<\/strong>, identificada como la jefa de la asociaci\u00f3n il\u00edcita, fue condenada a 13 a\u00f1os de prisi\u00f3n por los delitos de tenencia ilegal de armas de guerra y asociaci\u00f3n il\u00edcita agravada por la participaci\u00f3n de menores de edad. La pena se unific\u00f3 con una condena previa por comercio de estupefacientes, donde ya hab\u00eda sido sentenciada a 5 a\u00f1os. Por su parte, <strong>Gast\u00f3n Schneider<\/strong> recibi\u00f3 una condena de 10 a\u00f1os de prisi\u00f3n efectiva por extorsi\u00f3n y amenazas, en calidad de autor y instigador, adem\u00e1s de ser considerado miembro de la misma organizaci\u00f3n.<\/p>\n\n\n\n<p>La banda, compuesta por <strong>Verdun, Schneider<\/strong>, y otros miembros como Luciano C., \u00c9rica B., y Dylan B., operaba principalmente en los barrios <strong>La Granada, Las Flores, Las Delicias y Barrio Plata,<\/strong> de la zona sur de Rosario. Esta asociaci\u00f3n se dedicaba a una amplia gama de delitos, como homicidios, lesiones, tr\u00e1fico de drogas, extorsiones y abuso de armas. Su principal objetivo era controlar el territorio e incrementar sus ganancias a trav\u00e9s de actividades il\u00edcitas, excluyendo a bandas rivales.<\/p>\n\n\n\n<p>La investigaci\u00f3n revel\u00f3 que <strong>Verdun<\/strong>, junto a sus colaboradores, administraba y organizaba la violencia en la zona, mientras que <strong>Schneider<\/strong> fue clave en las extorsiones, como el intento de exigir una suma de 30.000 d\u00f3lares a un comerciante, al que amenaz\u00f3 y persigui\u00f3 con detonaciones en su domicilio. Adem\u00e1s, la polic\u00eda encontr\u00f3 en su poder un arma de fuego de guerra tipo pistola, que tambi\u00e9n fue parte de las pruebas que llevaron a su condena.<\/p>\n<div class=\"newspaper-x-tags\"><strong>TAGS: <\/strong><span><a href=\"https:\/\/www.rosarioalerta.com.ar\/site\/archivos\/tag\/noticias-de-rosario\" rel=\"tag\">Noticias de Rosario<\/a><\/span><a href=\"https:\/\/www.rosarioalerta.com.ar\/site\/archivos\/tag\/rosario\" rel=\"tag\">Rosario<\/a><\/span><a href=\"https:\/\/www.rosarioalerta.com.ar\/site\/archivos\/tag\/santa-fe\" rel=\"tag\">Santa Fe<\/a> <\/div>","protected":false},"excerpt":{"rendered":"<p>En un juicio abreviado fue condenada por asociaci\u00f3n il\u00edcita, junto a Gast\u00f3n Schneider, hijo del P\u00e1jaro Cantero La justicia rosarina dict\u00f3 condenas por asociaci\u00f3n il\u00edcita, extorsi\u00f3n y tenencia ilegal de armas a los l\u00edderes de una peligrosa banda que operaba en la zona sur de la ciudad El mi\u00e9rcoles, en el Centro de Justicia Penal [&hellip;]<\/p>\n","protected":false},"author":2,"featured_media":21438,"comment_status":"open","ping_status":"open","sticky":false,"template":"","format":"standard","meta":{"_joinchat":[],"footnotes":""},"categories":[13,21,14],"tags":[95,55,65],"class_list":["post-21437","post","type-post","status-publish","format-standard","has-post-thumbnail","hentry","category-judiciales","category-noticias","category-policiales","tag-noticias-de-rosario","tag-rosario","tag-santa-fe"],"_links":{"self":[{"href":"https:\/\/www.rosarioalerta.com.ar\/site\/wp-json\/wp\/v2\/posts\/21437","targetHints":{"allow":["GET"]}}],"collection":[{"href":"https:\/\/www.rosarioalerta.com.ar\/site\/wp-json\/wp\/v2\/posts"}],"about":[{"href":"https:\/\/www.rosarioalerta.com.ar\/site\/wp-json\/wp\/v2\/types\/post"}],"author":[{"embeddable":true,"href":"https:\/\/www.rosarioalerta.com.ar\/site\/wp-json\/wp\/v2\/users\/2"}],"replies":[{"embeddable":true,"href":"https:\/\/www.rosarioalerta.com.ar\/site\/wp-json\/wp\/v2\/comments?post=21437"}],"version-history":[{"count":1,"href":"https:\/\/www.rosarioalerta.com.ar\/site\/wp-json\/wp\/v2\/posts\/21437\/revisions"}],"predecessor-version":[{"id":21439,"href":"https:\/\/www.rosarioalerta.com.ar\/site\/wp-json\/wp\/v2\/posts\/21437\/revisions\/21439"}],"wp:featuredmedia":[{"embeddable":true,"href":"https:\/\/www.rosarioalerta.com.ar\/site\/wp-json\/wp\/v2\/media\/21438"}],"wp:attachment":[{"href":"https:\/\/www.rosarioalerta.com.ar\/site\/wp-json\/wp\/v2\/media?parent=21437"}],"wp:term":[{"taxonomy":"category","embeddable":true,"href":"https:\/\/www.rosarioalerta.com.ar\/site\/wp-json\/wp\/v2\/categories?post=21437"},{"taxonomy":"post_tag","embeddable":true,"href":"https:\/\/www.rosarioalerta.com.ar\/site\/wp-json\/wp\/v2\/tags?post=21437"}],"curies":[{"name":"wp","href":"https:\/\/api.w.org\/{rel}","templated":true}]}}