{"id":21417,"date":"2024-11-19T22:37:42","date_gmt":"2024-11-20T01:37:42","guid":{"rendered":"https:\/\/www.rosarioalerta.com.ar\/site\/?p=21417"},"modified":"2024-11-19T22:37:44","modified_gmt":"2024-11-20T01:37:44","slug":"un-explosivo-hallado-en-la-comisaria-genero-alarma-y-traslados-inmediatos-de-detenidos","status":"publish","type":"post","link":"https:\/\/www.rosarioalerta.com.ar\/site\/archivos\/21417","title":{"rendered":"Un explosivo hallado en la comisar\u00eda gener\u00f3 alarma y traslados inmediatos de detenidos"},"content":{"rendered":"\n<p><\/p>\n\n\n\n<p>Ocurri\u00f3 en horas de la tarde del martes en la Comisar\u00eda 10\u00ba la dependencia de la zona norte de Rosario<\/p>\n\n\n\n<p>En horas de la tarde de hoy, durante la visita a los detenidos, una granada de guerra fue encontrada en un patio cercano al penal. Las autoridades decidieron trasladar a todos los internos a unidades de m\u00e1xima seguridad mientras investigan el hecho<\/p>\n\n\n\n<p>Hoy, en pleno horario de visitas en la seccional policial d\u00e9cima de calle <strong>Darragueira al 1100<\/strong>, se produjo un incidente que sembr\u00f3 alarma tanto entre los familiares de los detenidos como entre los agentes de seguridad. Alrededor de la 16, un objeto fue hallado en el patio interno cercano al penal, lo que alert\u00f3 a los efectivos policiales que estaban encargados de custodiar el lugar. Tras la inspecci\u00f3n inicial, se descubri\u00f3 que se trataba de <strong>una granada<\/strong> <strong>FMK-2<\/strong>, un explosivo de guerra fabricado en Argentina.<\/p>\n\n\n\n<p>La granada fue hallada por los agentes, quienes de inmediato tomaron medidas de seguridad. Evacuaron a los familiares de los detenidos y establecieron un cord\u00f3n de seguridad alrededor de la zona afectada. A continuaci\u00f3n, la <strong>Brigada de Explosivos<\/strong>, confirmaron que <strong>el artefacto no estaba activo, <\/strong>ya que <strong>carec\u00eda del tren de fuego<\/strong> iniciador, lo que evit\u00f3 una posible tragedia.<\/p>\n\n\n\n<p>El secretario de <em>Seguridad<\/em> &nbsp;P\u00fablica del Ministerio de Justicia y <em>Seguridad<\/em> de Santa Fe&nbsp;<strong>Omar Pereyra<\/strong>, indic\u00f3 que el hallazgo de la granada podr\u00eda haber sido un intento de atentado o una maniobra planificada desde el interior del penal. Las investigaciones apuntan a la hip\u00f3tesis de que el explosivo fue arrojado por alguien dentro de la comisar\u00eda, debido a la falta de evidencias que sugieran que haya sido lanzado desde fuera.<\/p>\n\n\n\n<p>Como medida preventiva y ante el posible riesgo de nuevos incidentes, las autoridades decidieron el traslado inmediato de los <strong>62 detenidos<\/strong> que actualmente se encuentran en la comisar\u00eda, hacia unidades de m\u00e1xima seguridad de la provincia. El <strong>Servicio Penitenciario<\/strong> de <strong>Coronda y Pi\u00f1ero<\/strong> ser\u00e1n los nuevos destinos de los internos.<\/p>\n\n\n\n<p>Adem\u00e1s, la secretaria de <strong>Asuntos Penitenciarios, Luc\u00eda <em>Masneri<\/em><\/strong>, indic\u00f3 que los traslados, comenzaron a realizarse de inmediato y que a medida que surgen lugares en las penitenciarias, tambi\u00e9n semanalmente se programan traslados de detenidos. No obstante, el clima de incertidumbre y las preocupaciones sobre la seguridad contin\u00faan mientras se desarrollan las investigaciones para esclarecer el origen del explosivo.<\/p>\n\n\n\n<p>La situaci\u00f3n se mantiene bajo estricta vigilancia, y se est\u00e1n analizando todas las hip\u00f3tesis para determinar si el artefacto fue ingresado de manera deliberada dentro de la <strong>Comisar\u00eda 10\u00ba<\/strong>.<\/p>\n<div class=\"newspaper-x-tags\"><strong>TAGS: <\/strong><span><a href=\"https:\/\/www.rosarioalerta.com.ar\/site\/archivos\/tag\/noticias-de-rosario\" rel=\"tag\">Noticias de Rosario<\/a><\/span><a href=\"https:\/\/www.rosarioalerta.com.ar\/site\/archivos\/tag\/rosario\" rel=\"tag\">Rosario<\/a><\/span><a href=\"https:\/\/www.rosarioalerta.com.ar\/site\/archivos\/tag\/santa-fe\" rel=\"tag\">Santa Fe<\/a> <\/div>","protected":false},"excerpt":{"rendered":"<p>Ocurri\u00f3 en horas de la tarde del martes en la Comisar\u00eda 10\u00ba la dependencia de la zona norte de Rosario En horas de la tarde de hoy, durante la visita a los detenidos, una granada de guerra fue encontrada en un patio cercano al penal. Las autoridades decidieron trasladar a todos los internos a unidades [&hellip;]<\/p>\n","protected":false},"author":2,"featured_media":21418,"comment_status":"open","ping_status":"open","sticky":false,"template":"","format":"standard","meta":{"_joinchat":[],"footnotes":""},"categories":[21,14],"tags":[95,55,65],"class_list":["post-21417","post","type-post","status-publish","format-standard","has-post-thumbnail","hentry","category-noticias","category-policiales","tag-noticias-de-rosario","tag-rosario","tag-santa-fe"],"_links":{"self":[{"href":"https:\/\/www.rosarioalerta.com.ar\/site\/wp-json\/wp\/v2\/posts\/21417","targetHints":{"allow":["GET"]}}],"collection":[{"href":"https:\/\/www.rosarioalerta.com.ar\/site\/wp-json\/wp\/v2\/posts"}],"about":[{"href":"https:\/\/www.rosarioalerta.com.ar\/site\/wp-json\/wp\/v2\/types\/post"}],"author":[{"embeddable":true,"href":"https:\/\/www.rosarioalerta.com.ar\/site\/wp-json\/wp\/v2\/users\/2"}],"replies":[{"embeddable":true,"href":"https:\/\/www.rosarioalerta.com.ar\/site\/wp-json\/wp\/v2\/comments?post=21417"}],"version-history":[{"count":1,"href":"https:\/\/www.rosarioalerta.com.ar\/site\/wp-json\/wp\/v2\/posts\/21417\/revisions"}],"predecessor-version":[{"id":21419,"href":"https:\/\/www.rosarioalerta.com.ar\/site\/wp-json\/wp\/v2\/posts\/21417\/revisions\/21419"}],"wp:featuredmedia":[{"embeddable":true,"href":"https:\/\/www.rosarioalerta.com.ar\/site\/wp-json\/wp\/v2\/media\/21418"}],"wp:attachment":[{"href":"https:\/\/www.rosarioalerta.com.ar\/site\/wp-json\/wp\/v2\/media?parent=21417"}],"wp:term":[{"taxonomy":"category","embeddable":true,"href":"https:\/\/www.rosarioalerta.com.ar\/site\/wp-json\/wp\/v2\/categories?post=21417"},{"taxonomy":"post_tag","embeddable":true,"href":"https:\/\/www.rosarioalerta.com.ar\/site\/wp-json\/wp\/v2\/tags?post=21417"}],"curies":[{"name":"wp","href":"https:\/\/api.w.org\/{rel}","templated":true}]}}