{"id":21393,"date":"2024-11-19T07:33:50","date_gmt":"2024-11-19T10:33:50","guid":{"rendered":"https:\/\/www.rosarioalerta.com.ar\/site\/?p=21393"},"modified":"2024-11-19T07:34:02","modified_gmt":"2024-11-19T10:34:02","slug":"golpeo-a-su-ex-pareja-y-termino-detenido","status":"publish","type":"post","link":"https:\/\/www.rosarioalerta.com.ar\/site\/archivos\/21393","title":{"rendered":"Golpe\u00f3 a su ex pareja y termin\u00f3 detenido"},"content":{"rendered":"\n<p><\/p>\n\n\n\n<p>En un lapso de pocas horas, la polic\u00eda de la ciudad intervino en tres hechos significativos, que incluyeron violencia de g\u00e9nero, da\u00f1os a la propiedad y la portaci\u00f3n ilegal de un arma de fuego<\/p>\n\n\n\n<p>En horas de la madrugada, se registraron tres incidentes en diferentes puntos de la ciudad, que involucraron violencia de g\u00e9nero, da\u00f1os a la propiedad y la portaci\u00f3n ilegal de armas. Pasada la 1, en la intersecci\u00f3n de <strong>San Mart\u00edn y Cochabamba<\/strong>, un miembro de <strong>Gendarmer\u00eda Nacional<\/strong>, quien se encontraba franco de servicio, observ\u00f3 a una pareja en plena pelea. Ante la situaci\u00f3n, el gendarme intervino y detuvo al agresor, identificado como <strong>Patricio Nicol\u00e1s S de 26 a\u00f1os<\/strong>. La v\u00edctima, una mujer de 45 a\u00f1os, fue atendida en el lugar por personal m\u00e9dico del <strong>SIES<\/strong> y diagnosticada con una herida cortante en la sien, aunque no requiri\u00f3 traslado. El agresor fue aprehendido y trasladado a la <strong>Comisar\u00eda 2\u00ba<\/strong><\/p>\n\n\n\n<p>Poco despu\u00e9s, pasadas las 9, otro llamado a la <strong>Central de Emergencias del 911<\/strong> report\u00f3 da\u00f1os en un veh\u00edculo en la zona de <strong>Av. Alberdi y J.J. Paso<\/strong>. Al llegar al lugar, la polic\u00eda identific\u00f3 a <strong>Walter C<\/strong> quien hab\u00eda arrojado una piedra a la puerta trasera de un colectivo, rompiendo el vidrio. Tras su aprehensi\u00f3n, secuestraron la piedra de cemento utilizada en el ataque y el hombre fue trasladado a la <strong>Comisar\u00eda 10\u00ba<\/strong>.<\/p>\n\n\n\n<p>Finalmente, a en la zona de <strong>Baumess 5800<\/strong>, la polic\u00eda realiz\u00f3 un control rutinario a un autom\u00f3vil Chevrolet Corsa, en el que viajaban dos hombres. En el interior del rodado, dentro de una mochila, encontraron un rev\u00f3lver calibre 38, lo que llev\u00f3 a la aprehensi\u00f3n de ambos individuos y al secuestro del arma.<\/p>\n\n\n\n<p><br>Estos hechos destacan la pronta respuesta de las fuerzas de seguridad ante situaciones de riesgo, con un accionar que ha logrado minimizar los da\u00f1os y desarticular situaciones peligrosas en la ciudad. Las investigaciones contin\u00faan para aclarar los detalles de cada incidente y asegurar que los responsables enfrenten las consecuencias legales correspondientes.<\/p>\n<div class=\"newspaper-x-tags\"><strong>TAGS: <\/strong><span><a href=\"https:\/\/www.rosarioalerta.com.ar\/site\/archivos\/tag\/noticias-de-rosario\" rel=\"tag\">Noticias de Rosario<\/a><\/span><a href=\"https:\/\/www.rosarioalerta.com.ar\/site\/archivos\/tag\/rosario\" rel=\"tag\">Rosario<\/a><\/span><a href=\"https:\/\/www.rosarioalerta.com.ar\/site\/archivos\/tag\/santa-fe\" rel=\"tag\">Santa Fe<\/a> <\/div>","protected":false},"excerpt":{"rendered":"<p>En un lapso de pocas horas, la polic\u00eda de la ciudad intervino en tres hechos significativos, que incluyeron violencia de g\u00e9nero, da\u00f1os a la propiedad y la portaci\u00f3n ilegal de un arma de fuego En horas de la madrugada, se registraron tres incidentes en diferentes puntos de la ciudad, que involucraron violencia de g\u00e9nero, da\u00f1os [&hellip;]<\/p>\n","protected":false},"author":2,"featured_media":21394,"comment_status":"open","ping_status":"open","sticky":false,"template":"","format":"standard","meta":{"_joinchat":[],"footnotes":""},"categories":[11,21,14,51],"tags":[95,55,65],"class_list":["post-21393","post","type-post","status-publish","format-standard","has-post-thumbnail","hentry","category-detenidos","category-noticias","category-policiales","category-violencia-de-genero","tag-noticias-de-rosario","tag-rosario","tag-santa-fe"],"_links":{"self":[{"href":"https:\/\/www.rosarioalerta.com.ar\/site\/wp-json\/wp\/v2\/posts\/21393","targetHints":{"allow":["GET"]}}],"collection":[{"href":"https:\/\/www.rosarioalerta.com.ar\/site\/wp-json\/wp\/v2\/posts"}],"about":[{"href":"https:\/\/www.rosarioalerta.com.ar\/site\/wp-json\/wp\/v2\/types\/post"}],"author":[{"embeddable":true,"href":"https:\/\/www.rosarioalerta.com.ar\/site\/wp-json\/wp\/v2\/users\/2"}],"replies":[{"embeddable":true,"href":"https:\/\/www.rosarioalerta.com.ar\/site\/wp-json\/wp\/v2\/comments?post=21393"}],"version-history":[{"count":1,"href":"https:\/\/www.rosarioalerta.com.ar\/site\/wp-json\/wp\/v2\/posts\/21393\/revisions"}],"predecessor-version":[{"id":21395,"href":"https:\/\/www.rosarioalerta.com.ar\/site\/wp-json\/wp\/v2\/posts\/21393\/revisions\/21395"}],"wp:featuredmedia":[{"embeddable":true,"href":"https:\/\/www.rosarioalerta.com.ar\/site\/wp-json\/wp\/v2\/media\/21394"}],"wp:attachment":[{"href":"https:\/\/www.rosarioalerta.com.ar\/site\/wp-json\/wp\/v2\/media?parent=21393"}],"wp:term":[{"taxonomy":"category","embeddable":true,"href":"https:\/\/www.rosarioalerta.com.ar\/site\/wp-json\/wp\/v2\/categories?post=21393"},{"taxonomy":"post_tag","embeddable":true,"href":"https:\/\/www.rosarioalerta.com.ar\/site\/wp-json\/wp\/v2\/tags?post=21393"}],"curies":[{"name":"wp","href":"https:\/\/api.w.org\/{rel}","templated":true}]}}