{"id":21271,"date":"2024-11-12T12:29:29","date_gmt":"2024-11-12T15:29:29","guid":{"rendered":"https:\/\/www.rosarioalerta.com.ar\/site\/?p=21271"},"modified":"2024-11-12T12:29:39","modified_gmt":"2024-11-12T15:29:39","slug":"aparecieron-pintadas-en-el-concejo-deliberante-de-rosario","status":"publish","type":"post","link":"https:\/\/www.rosarioalerta.com.ar\/site\/archivos\/21271","title":{"rendered":"Aparecieron pintadas en el Concejo Deliberante de Rosario"},"content":{"rendered":"\n<p><\/p>\n\n\n\n<p>El sujeto ya estar\u00eda identificado y tendr\u00eda una prohibici\u00f3n de acercamiento al mismo, por otros delitos<\/p>\n\n\n\n<p>El incidente ocurri\u00f3 en la madrugada de este martes, cuando una persona fue captada por las c\u00e1maras de seguridad mientras realizaba grafitis en la fachada del edificio institucional, con frases amenazantes. El <strong>Concejo Deliberante de Rosario <\/strong>fue escenario de un acto vand\u00e1lico en las primeras horas de la madrugada del martes. A trav\u00e9s de las c\u00e1maras de seguridad, se registr\u00f3 a una sola persona realizando pintadas en las paredes del edificio, ubicado en el centro de la ciudad. La <strong>presidenta del Concejo, Mar\u00eda Eugenia Schmuck,<\/strong> brind\u00f3 detalles sobre el suceso y expres\u00f3 su confianza en que la justicia pronto identificar\u00e1 al responsable.<\/p>\n\n\n\n<p><em>\u201cFue alrededor de las 03:30 de la madrugada. Vimos las im\u00e1genes en las c\u00e1maras. Se trata de una persona que llega sola, deja su bolso y comienza a pintar, todo a la vista de varias personas que estaban desarmando los puestos de comida cercanos a la Fiesta de las Colectividades\u201d,<\/em> explic\u00f3 <strong>Schmuck<\/strong>. Seg\u00fan la funcionaria, el hecho ocurri\u00f3 cerca de la entrada de <strong>1\u00ba de Mayo,<\/strong> en la intersecci\u00f3n con las calles <strong>Rioja y San Luis<\/strong>. En las <strong>im\u00e1genes captadas, se puede observar claramente<\/strong> el <strong>rostro y f\u00edsico del autor<\/strong> del grafiti, as\u00ed como el carro de comida de donde aparentemente provendr\u00eda.<\/p>\n\n\n\n<p>Adem\u00e1s, <strong>Schmuck<\/strong> mencion\u00f3 que la investigaci\u00f3n ya est\u00e1 en curso y que se han entregado las grabaciones y las im\u00e1genes de las c\u00e1maras a la <strong>Fiscal\u00eda<\/strong>. \u201cSe han identificado algunas patentes de veh\u00edculos cercanos que podr\u00edan tener informaci\u00f3n relevante. Incluso se ve claramente la cara del autor desde distintos \u00e1ngulos. La imagen es n\u00edtida, por lo que esperamos que pronto se pueda avanzar en la identificaci\u00f3n\u201d, dijo.<\/p>\n\n\n\n<p>Si bien la presidenta del Concejo consider\u00f3 que la pintada no parece ser parte de una acci\u00f3n organizada o profesional, resalt\u00f3 la importancia de dar con el responsable. <em>\u201cNo hay que darle m\u00e1s vuelo del que corresponde, pero, por supuesto, esperamos que la investigaci\u00f3n siga su curso. Esta es una apreciaci\u00f3n preliminar, sin ninguna investigaci\u00f3n a\u00fan\u201d,<\/em> agreg\u00f3 <strong>Schmuck<\/strong>.<\/p>\n\n\n\n<p>El hecho ha generado indignaci\u00f3n en la comunidad rosarina, que espera que se resuelva con rapidez, dado que fuentes allegadas a la justicia, pudieron anticipar a este medio, que el sujeto est\u00e1 identificado y que adem\u00e1s contar\u00eda con una prohibici\u00f3n de acercamiento al Concejo Deliberante<\/p>\n<div class=\"newspaper-x-tags\"><strong>TAGS: <\/strong><span><a href=\"https:\/\/www.rosarioalerta.com.ar\/site\/archivos\/tag\/noticias-de-rosario\" rel=\"tag\">Noticias de Rosario<\/a><\/span><a href=\"https:\/\/www.rosarioalerta.com.ar\/site\/archivos\/tag\/rosario\" rel=\"tag\">Rosario<\/a><\/span><a href=\"https:\/\/www.rosarioalerta.com.ar\/site\/archivos\/tag\/santa-fe\" rel=\"tag\">Santa Fe<\/a> <\/div>","protected":false},"excerpt":{"rendered":"<p>El sujeto ya estar\u00eda identificado y tendr\u00eda una prohibici\u00f3n de acercamiento al mismo, por otros delitos El incidente ocurri\u00f3 en la madrugada de este martes, cuando una persona fue captada por las c\u00e1maras de seguridad mientras realizaba grafitis en la fachada del edificio institucional, con frases amenazantes. El Concejo Deliberante de Rosario fue escenario de [&hellip;]<\/p>\n","protected":false},"author":2,"featured_media":21272,"comment_status":"open","ping_status":"open","sticky":false,"template":"","format":"standard","meta":{"_joinchat":[],"footnotes":""},"categories":[18,21,14],"tags":[95,55,65],"class_list":["post-21271","post","type-post","status-publish","format-standard","has-post-thumbnail","hentry","category-institucional","category-noticias","category-policiales","tag-noticias-de-rosario","tag-rosario","tag-santa-fe"],"_links":{"self":[{"href":"https:\/\/www.rosarioalerta.com.ar\/site\/wp-json\/wp\/v2\/posts\/21271","targetHints":{"allow":["GET"]}}],"collection":[{"href":"https:\/\/www.rosarioalerta.com.ar\/site\/wp-json\/wp\/v2\/posts"}],"about":[{"href":"https:\/\/www.rosarioalerta.com.ar\/site\/wp-json\/wp\/v2\/types\/post"}],"author":[{"embeddable":true,"href":"https:\/\/www.rosarioalerta.com.ar\/site\/wp-json\/wp\/v2\/users\/2"}],"replies":[{"embeddable":true,"href":"https:\/\/www.rosarioalerta.com.ar\/site\/wp-json\/wp\/v2\/comments?post=21271"}],"version-history":[{"count":1,"href":"https:\/\/www.rosarioalerta.com.ar\/site\/wp-json\/wp\/v2\/posts\/21271\/revisions"}],"predecessor-version":[{"id":21273,"href":"https:\/\/www.rosarioalerta.com.ar\/site\/wp-json\/wp\/v2\/posts\/21271\/revisions\/21273"}],"wp:featuredmedia":[{"embeddable":true,"href":"https:\/\/www.rosarioalerta.com.ar\/site\/wp-json\/wp\/v2\/media\/21272"}],"wp:attachment":[{"href":"https:\/\/www.rosarioalerta.com.ar\/site\/wp-json\/wp\/v2\/media?parent=21271"}],"wp:term":[{"taxonomy":"category","embeddable":true,"href":"https:\/\/www.rosarioalerta.com.ar\/site\/wp-json\/wp\/v2\/categories?post=21271"},{"taxonomy":"post_tag","embeddable":true,"href":"https:\/\/www.rosarioalerta.com.ar\/site\/wp-json\/wp\/v2\/tags?post=21271"}],"curies":[{"name":"wp","href":"https:\/\/api.w.org\/{rel}","templated":true}]}}