{"id":21238,"date":"2024-11-11T09:33:40","date_gmt":"2024-11-11T12:33:40","guid":{"rendered":"https:\/\/www.rosarioalerta.com.ar\/site\/?p=21238"},"modified":"2024-11-11T09:33:47","modified_gmt":"2024-11-11T12:33:47","slug":"avanza-la-investigacion-sobre-el-asesinato-de-bracamonte-y-attardo","status":"publish","type":"post","link":"https:\/\/www.rosarioalerta.com.ar\/site\/archivos\/21238","title":{"rendered":"Avanza la investigaci\u00f3n sobre el asesinato de Bracamonte y Attardo"},"content":{"rendered":"\n<p><\/p>\n\n\n\n<p>Las autoridades brindaron detalles sobre la investigaci\u00f3n en curso, mientras refuerzan el despliegue operativo en la ciudad<\/p>\n\n\n\n<p>El hecho se produjo a la salida de un partido en el <strong>Estadio de Rosario Central<\/strong> y entre las hip\u00f3tesis que se barajan, incluyen ajustes de cuentas vinculados al crimen organizado y la de una rebeli\u00f3n por parte de un sector de disidentes en la barra<\/p>\n\n\n\n<p>El pasado s\u00e1bado 9 de noviembre, el asesinato de <strong>Andr\u00e9s Bracamonte<\/strong>, conocido como &#8220;<strong>Pill\u00edn<\/strong>&#8220;, y su compa\u00f1ero <strong>Ra\u00fal Daniel Attardo \u201cEl Rana\u201d<\/strong>, conmocion\u00f3 a la ciudad de Rosario. Ambos fueron emboscados y ejecutados a balazos a la salida del <strong>Gigante de Arroyito en Avellaneda y Reconquista,<\/strong> alrededor de las 21:45 horas. Este crimen, que deja un saldo de dos muertes violentas, se enmarca dentro de una serie de hechos delictivos que mantienen en alerta a las autoridades y a la comunidad rosarina.<\/p>\n\n\n\n<p>En una conferencia de prensa brindada por el <strong>Fiscal Regional<\/strong> <strong>interventor<\/strong>, <strong>Mat\u00edas Merlo<\/strong>, junto al <strong>Fiscal de Homicidios, Alejandro Ferlazzo<\/strong>, el <strong>Ministro de Justicia y Seguridad de la Provincia<\/strong> <strong>de Santa Fe<\/strong>, <strong>Pablo Cococcioni,<\/strong> y la <strong>Secretaria de Seguridad de la Naci\u00f3n, Alejandra Monteoliva,<\/strong> se ofrecieron detalles sobre las investigaciones y el despliegue de medidas para esclarecer los cr\u00edmenes.<\/p>\n\n\n\n<figure class=\"wp-block-image size-large\"><img loading=\"lazy\" decoding=\"async\" width=\"1024\" height=\"576\" src=\"https:\/\/www.rosarioalerta.com.ar\/site\/wp-content\/uploads\/2024\/11\/merlo-2-1024x576.jpg\" alt=\"\" class=\"wp-image-21240\" srcset=\"https:\/\/www.rosarioalerta.com.ar\/site\/wp-content\/uploads\/2024\/11\/merlo-2-1024x576.jpg 1024w, https:\/\/www.rosarioalerta.com.ar\/site\/wp-content\/uploads\/2024\/11\/merlo-2-300x169.jpg 300w, https:\/\/www.rosarioalerta.com.ar\/site\/wp-content\/uploads\/2024\/11\/merlo-2-768x432.jpg 768w, https:\/\/www.rosarioalerta.com.ar\/site\/wp-content\/uploads\/2024\/11\/merlo-2-1536x864.jpg 1536w, https:\/\/www.rosarioalerta.com.ar\/site\/wp-content\/uploads\/2024\/11\/merlo-2-696x392.jpg 696w, https:\/\/www.rosarioalerta.com.ar\/site\/wp-content\/uploads\/2024\/11\/merlo-2-1068x601.jpg 1068w, https:\/\/www.rosarioalerta.com.ar\/site\/wp-content\/uploads\/2024\/11\/merlo-2-747x420.jpg 747w, https:\/\/www.rosarioalerta.com.ar\/site\/wp-content\/uploads\/2024\/11\/merlo-2.jpg 1920w\" sizes=\"auto, (max-width: 1024px) 100vw, 1024px\" \/><\/figure>\n\n\n\n<p>Seg\u00fan inform\u00f3 el <strong>fiscal Ferlazzo<\/strong>, los dos hombres fueron sorprendidos por al menos <strong>tres agresores<\/strong> que, <strong>sin mediar palabra<\/strong>, abrieron fuego contra ellos. &#8220;<strong><em>Fueron m\u00e1s de 11 disparos, y cada uno de los cuerpos recibi\u00f3 al menos cinco impactos. Por la magnitud de los disparos y la forma en que se ejecut\u00f3 el ataque, estaban decididos a llevarlo adelante&#8221;,<\/em><\/strong> se\u00f1al\u00f3 Ferlazzo, quien adem\u00e1s destac\u00f3 que el material bal\u00edstico encontrado corresponde a un arma calibre 9 mil\u00edmetros.<\/p>\n\n\n\n<p class=\"has-text-align-center\"><strong>La hip\u00f3tesis de los conflictos previos<\/strong><\/p>\n\n\n\n<p>La investigaci\u00f3n ha comenzado a arrojar algunas pistas sobre los motivos detr\u00e1s del ataque. <strong>Bracamonte<\/strong>, conocido por su vinculaci\u00f3n con la barra brava de <strong>Rosario Central<\/strong>, hab\u00eda sido blanco de m\u00faltiples intentos de asesinato en el pasado, lo que sugiere que el ataque podr\u00eda estar relacionado con disputas internas dentro de la hinchada o incluso con actividades il\u00edcitas vinculadas al crimen organizado. Seg\u00fan <strong>Ferlazzo<\/strong>, el homicidio de <strong>Bracamonte<\/strong> no se limita a su rol en la barra, sino que podr\u00eda estar vinculado a <strong>otros negocios oscuros<\/strong>.<\/p>\n\n\n\n<p>Adem\u00e1s, las autoridades destacaron que el ataque ocurri\u00f3 en <strong>una zona muy poblada de personas,<\/strong> lo que ha facilitado la recopilaci\u00f3n de testimonios y evidencia. Sin embargo, la falta de registros f\u00edlmicos del club, tanto internos como externos, sobre el partido en cuesti\u00f3n ha dificultado la investigaci\u00f3n. &#8220;Lamentablemente, no tenemos im\u00e1genes del estadio ni de las c\u00e1maras cercanas al lugar del hecho&#8221;, explic\u00f3 Ferlazzo. No obstante, se est\u00e1n analizando las grabaciones de c\u00e1maras de seguridad de la zona y recabando testimonios de los numerosos testigos presenciales.<\/p>\n\n\n\n<p class=\"has-text-align-center\"><strong>Despliegue operativo y colaboraci\u00f3n nacional<\/strong><\/p>\n\n\n\n<p>El <strong>Ministro Cococcioni<\/strong> subray\u00f3 la colaboraci\u00f3n estrecha entre el gobierno provincial y las fuerzas federales. Desde el primer momento, la Ministra de Seguridad de la Naci\u00f3n, <strong>Patricia Bullrich<\/strong>, se puso en contacto con las autoridades locales para coordinar un despliegue operativo conjunto. &#8220;Este hecho nos preocupa enormemente, y desde el primer minuto se dispusieron todos los recursos necesarios para esclarecer el crimen&#8221;, afirm\u00f3 <strong>Cococcioni<\/strong>.<\/p>\n\n\n\n<figure class=\"wp-block-image size-large\"><img loading=\"lazy\" decoding=\"async\" width=\"1024\" height=\"576\" src=\"https:\/\/www.rosarioalerta.com.ar\/site\/wp-content\/uploads\/2024\/11\/coco-2-1024x576.jpg\" alt=\"\" class=\"wp-image-21241\" srcset=\"https:\/\/www.rosarioalerta.com.ar\/site\/wp-content\/uploads\/2024\/11\/coco-2-1024x576.jpg 1024w, https:\/\/www.rosarioalerta.com.ar\/site\/wp-content\/uploads\/2024\/11\/coco-2-300x169.jpg 300w, https:\/\/www.rosarioalerta.com.ar\/site\/wp-content\/uploads\/2024\/11\/coco-2-768x432.jpg 768w, https:\/\/www.rosarioalerta.com.ar\/site\/wp-content\/uploads\/2024\/11\/coco-2-1536x864.jpg 1536w, https:\/\/www.rosarioalerta.com.ar\/site\/wp-content\/uploads\/2024\/11\/coco-2-696x392.jpg 696w, https:\/\/www.rosarioalerta.com.ar\/site\/wp-content\/uploads\/2024\/11\/coco-2-1068x601.jpg 1068w, https:\/\/www.rosarioalerta.com.ar\/site\/wp-content\/uploads\/2024\/11\/coco-2-747x420.jpg 747w, https:\/\/www.rosarioalerta.com.ar\/site\/wp-content\/uploads\/2024\/11\/coco-2.jpg 1920w\" sizes=\"auto, (max-width: 1024px) 100vw, 1024px\" \/><\/figure>\n\n\n\n<p>La Secretaria de Seguridad de la Naci\u00f3n, <strong>Alejandra Monteoliva<\/strong>, agreg\u00f3 que, adem\u00e1s del refuerzo en el operativo de seguridad en Rosario, se est\u00e1n llevando a cabo tareas de inteligencia para dar con los responsables del ataque. &#8220;Estamos trabajando en conjunto con las fuerzas federales y provinciales, y reforzamos el despliegue en las zonas m\u00e1s sensibles de la ciudad&#8221;, coment\u00f3.<\/p>\n\n\n\n<p><strong>Monteoliva<\/strong> tambi\u00e9n destac\u00f3 la importancia de la colaboraci\u00f3n de la ciudadan\u00eda en la investigaci\u00f3n. &#8220;Sabemos que hay mucha gente que vio lo que ocurri\u00f3, y les pedimos que se acerquen para aportar informaci\u00f3n&#8221;, expres\u00f3. En este sentido, las autoridades han pedido que los testigos se presenten sin temor a represalias, garantizando la confidencialidad y seguridad de quienes colaboren.<\/p>\n\n\n\n<figure class=\"wp-block-image size-large\"><img loading=\"lazy\" decoding=\"async\" width=\"1024\" height=\"576\" src=\"https:\/\/www.rosarioalerta.com.ar\/site\/wp-content\/uploads\/2024\/11\/monteoliva-2-1024x576.jpg\" alt=\"\" class=\"wp-image-21242\" srcset=\"https:\/\/www.rosarioalerta.com.ar\/site\/wp-content\/uploads\/2024\/11\/monteoliva-2-1024x576.jpg 1024w, https:\/\/www.rosarioalerta.com.ar\/site\/wp-content\/uploads\/2024\/11\/monteoliva-2-300x169.jpg 300w, https:\/\/www.rosarioalerta.com.ar\/site\/wp-content\/uploads\/2024\/11\/monteoliva-2-768x432.jpg 768w, https:\/\/www.rosarioalerta.com.ar\/site\/wp-content\/uploads\/2024\/11\/monteoliva-2-1536x864.jpg 1536w, https:\/\/www.rosarioalerta.com.ar\/site\/wp-content\/uploads\/2024\/11\/monteoliva-2-696x392.jpg 696w, https:\/\/www.rosarioalerta.com.ar\/site\/wp-content\/uploads\/2024\/11\/monteoliva-2-1068x601.jpg 1068w, https:\/\/www.rosarioalerta.com.ar\/site\/wp-content\/uploads\/2024\/11\/monteoliva-2-747x420.jpg 747w, https:\/\/www.rosarioalerta.com.ar\/site\/wp-content\/uploads\/2024\/11\/monteoliva-2.jpg 1920w\" sizes=\"auto, (max-width: 1024px) 100vw, 1024px\" \/><\/figure>\n\n\n\n<p class=\"has-text-align-center\"><strong>Una ciudad en alerta<\/strong><\/p>\n\n\n\n<p>El asesinato de <strong>Bracamonte y Attardo<\/strong> se suma a una larga lista de hechos violentos en Rosario, que ha sido escenario de un aumento de homicidios en los \u00faltimos a\u00f1os. Aunque las autoridades trabajan para esclarecer los cr\u00edmenes, el temor de que esta violencia se convierta en un fen\u00f3meno m\u00e1s generalizado sigue latente. <strong>&#8220;Nuestro objetivo es esclarecer este crimen y evitar que se repita. No vamos a permitir que este tipo de hechos nos retrotraigan a \u00e9pocas de mayor violencia&#8221;,<\/strong> afirm\u00f3 <strong>Cococcioni<\/strong>.<\/p>\n\n\n\n<p>La situaci\u00f3n en Rosario sigue siendo preocupante, y la respuesta del gobierno provincial y nacional ha sido firme, con un despliegue de fuerzas de seguridad y un enfoque en la prevenci\u00f3n de m\u00e1s hechos de violencia. Sin embargo, las autoridades tambi\u00e9n saben que la soluci\u00f3n pasa por una investigaci\u00f3n eficaz y por desarticular las estructuras del crimen organizado que operan en la ciudad.<\/p>\n\n\n\n<p>El caso de <strong>Bracamonte y Attardo<\/strong> sigue siendo una prioridad para la justicia, que espera resolverlo con celeridad, y para las autoridades, que contin\u00faan trabajando en mejorar la seguridad y garantizar la tranquilidad de los rosarinos.<\/p>\n\n\n\n<p><\/p>\n\n\n\n<p><\/p>\n\n\n\n<p><\/p>\n\n\n\n<p><\/p>\n\n\n\n<p><\/p>\n\n\n\n<p><\/p>\n\n\n\n<p><\/p>\n\n\n\n<p><\/p>\n\n\n\n<p><\/p>\n\n\n\n<p><\/p>\n\n\n\n<p><\/p>\n\n\n\n<p><\/p>\n\n\n\n<p><\/p>\n\n\n\n<p><\/p>\n\n\n\n<p><\/p>\n\n\n\n<p><\/p>\n\n\n\n<p><\/p>\n\n\n\n<p><\/p>\n<div class=\"newspaper-x-tags\"><strong>TAGS: <\/strong><span><a href=\"https:\/\/www.rosarioalerta.com.ar\/site\/archivos\/tag\/attardo\" rel=\"tag\">Attardo<\/a><\/span><a href=\"https:\/\/www.rosarioalerta.com.ar\/site\/archivos\/tag\/bracamonte\" rel=\"tag\">Bracamonte<\/a><\/span><a href=\"https:\/\/www.rosarioalerta.com.ar\/site\/archivos\/tag\/doble-crimen\" rel=\"tag\">Doble Crimen<\/a><\/span><a href=\"https:\/\/www.rosarioalerta.com.ar\/site\/archivos\/tag\/el-rana\" rel=\"tag\">El Rana<\/a><\/span><a href=\"https:\/\/www.rosarioalerta.com.ar\/site\/archivos\/tag\/noticias-de-rosario\" rel=\"tag\">Noticias de Rosario<\/a><\/span><a href=\"https:\/\/www.rosarioalerta.com.ar\/site\/archivos\/tag\/pillin\" rel=\"tag\">Pillin<\/a><\/span><a href=\"https:\/\/www.rosarioalerta.com.ar\/site\/archivos\/tag\/rosario\" rel=\"tag\">Rosario<\/a><\/span><a href=\"https:\/\/www.rosarioalerta.com.ar\/site\/archivos\/tag\/santa-fe\" rel=\"tag\">Santa Fe<\/a> <\/div>","protected":false},"excerpt":{"rendered":"<p>Las autoridades brindaron detalles sobre la investigaci\u00f3n en curso, mientras refuerzan el despliegue operativo en la ciudad El hecho se produjo a la salida de un partido en el Estadio de Rosario Central y entre las hip\u00f3tesis que se barajan, incluyen ajustes de cuentas vinculados al crimen organizado y la de una rebeli\u00f3n por parte [&hellip;]<\/p>\n","protected":false},"author":2,"featured_media":21239,"comment_status":"open","ping_status":"open","sticky":false,"template":"","format":"standard","meta":{"_joinchat":[],"footnotes":""},"categories":[15,6,18,13,21,285,14],"tags":[1046,1047,138,1048,95,507,55,65],"class_list":["post-21238","post","type-post","status-publish","format-standard","has-post-thumbnail","hentry","category-balaceras","category-homicidios","category-institucional","category-judiciales","category-noticias","category-opinion","category-policiales","tag-attardo","tag-bracamonte","tag-doble-crimen","tag-el-rana","tag-noticias-de-rosario","tag-pillin","tag-rosario","tag-santa-fe"],"_links":{"self":[{"href":"https:\/\/www.rosarioalerta.com.ar\/site\/wp-json\/wp\/v2\/posts\/21238","targetHints":{"allow":["GET"]}}],"collection":[{"href":"https:\/\/www.rosarioalerta.com.ar\/site\/wp-json\/wp\/v2\/posts"}],"about":[{"href":"https:\/\/www.rosarioalerta.com.ar\/site\/wp-json\/wp\/v2\/types\/post"}],"author":[{"embeddable":true,"href":"https:\/\/www.rosarioalerta.com.ar\/site\/wp-json\/wp\/v2\/users\/2"}],"replies":[{"embeddable":true,"href":"https:\/\/www.rosarioalerta.com.ar\/site\/wp-json\/wp\/v2\/comments?post=21238"}],"version-history":[{"count":1,"href":"https:\/\/www.rosarioalerta.com.ar\/site\/wp-json\/wp\/v2\/posts\/21238\/revisions"}],"predecessor-version":[{"id":21243,"href":"https:\/\/www.rosarioalerta.com.ar\/site\/wp-json\/wp\/v2\/posts\/21238\/revisions\/21243"}],"wp:featuredmedia":[{"embeddable":true,"href":"https:\/\/www.rosarioalerta.com.ar\/site\/wp-json\/wp\/v2\/media\/21239"}],"wp:attachment":[{"href":"https:\/\/www.rosarioalerta.com.ar\/site\/wp-json\/wp\/v2\/media?parent=21238"}],"wp:term":[{"taxonomy":"category","embeddable":true,"href":"https:\/\/www.rosarioalerta.com.ar\/site\/wp-json\/wp\/v2\/categories?post=21238"},{"taxonomy":"post_tag","embeddable":true,"href":"https:\/\/www.rosarioalerta.com.ar\/site\/wp-json\/wp\/v2\/tags?post=21238"}],"curies":[{"name":"wp","href":"https:\/\/api.w.org\/{rel}","templated":true}]}}