{"id":21216,"date":"2024-11-10T21:18:13","date_gmt":"2024-11-11T00:18:13","guid":{"rendered":"https:\/\/www.rosarioalerta.com.ar\/site\/?p=21216"},"modified":"2024-11-10T21:18:15","modified_gmt":"2024-11-11T00:18:15","slug":"mataron-al-pillin-y-al-rana","status":"publish","type":"post","link":"https:\/\/www.rosarioalerta.com.ar\/site\/archivos\/21216","title":{"rendered":"Mataron al \u201cPillin\u201d y al \u201cRana\u201d"},"content":{"rendered":"\n<p><\/p>\n\n\n\n<p>Fue tras una emboscada que sufrieron a metros del Gigante de Arroyito<\/p>\n\n\n\n<p>Pasadas las 21, una balacera se desat\u00f3 en inmediaciones del estadio de Rosario Central, luego de la finalizaci\u00f3n del partido, donde dos personas resultaron heridas de bala. <strong>El violento suceso ocurri\u00f3 en Avellaneda e Ibarlucea y las v\u00edctimas fueron identificadas como Andr\u00e9s &#8220;Pill\u00edn&#8221; Bracamonte y Daniel &#8220;Rana&#8221; <\/strong><strong>Attardo.<\/strong><\/p>\n\n\n\n<p>La violencia volvi\u00f3 a golpear a Rosario, esta vez cerca de la cancha de <strong>Rosario Central<\/strong>, donde un tiroteo entre personas a\u00fan no identificadas dej\u00f3 como saldo la muerte del l\u00edder de la barra brava auriazul y al segundo al mando. El hecho ocurri\u00f3 en las inmediaciones de <strong>Avellaneda e Ibarlucea<\/strong>, una zona habitualmente concurrida por hinchas y residentes<\/p>\n\n\n\n<p>Cabe se\u00f1alar que el 10 de agosto pasado, luego del cl\u00e1sico rosarino, donde <strong>Rosario Central<\/strong>, se impuso nuevamente a <strong>Newell\u2019s<\/strong>, \u201c<strong>Pill\u00edn<\/strong>\u201d recibi\u00f3 un disparo en la espalda y su pareja de 34 a\u00f1os, result\u00f3 herida en el codo y el dorso. El hecho hab\u00eda tenido lugar en inmediaciones del parque <strong>Alem<\/strong> y fueron trasladados al <strong>Hospital Centenario<\/strong>, donde luego recuperaron el alta m\u00e9dica. Adem\u00e1s no era la primera vez que Bracamonte, desde que es l\u00edder de la barra resultaba herido de bala<\/p>\n\n\n\n<p>Pero en esta oportunidad, seg\u00fan informaron fuentes policiales, el tiroteo se produjo alrededor de las 21.30, cuando, <strong>Andres Alejandro Bracamonte de 53 a\u00f1os y Ra\u00fal Daniel Attardo de 55 a\u00f1os,<\/strong> fueron alcanzadas por m\u00faltiples disparos en un clima enrarecido, como fue se\u00f1alado por varios concurrentes al estadio. Ambos hombres fueron trasladados r\u00e1pidamente al <strong>Hospital Centenario<\/strong>, donde lamentablemente se confirm\u00f3 su deceso poco despu\u00e9s de su ingreso.<\/p>\n\n\n\n<p><strong>Bracamonte y Attardo<\/strong>, conocidos por su vinculaci\u00f3n con el mundo delictivo de la ciudad, ten\u00edan antecedentes penales y estaban bajo la mira de las fuerzas de seguridad. Sin embargo, a\u00fan no se han precisado las razones del enfrentamiento ni qui\u00e9nes fueron los responsables de los disparos. La polic\u00eda trabaja en la recopilaci\u00f3n de testimonios y pruebas para esclarecer los detalles del suceso.<\/p>\n\n\n\n<p class=\"has-text-align-center\"><strong>Con este doble crimen son 78 los casos que acumula el departamento Rosario desde el inicio de a\u00f1o y es el tercer crimen del mes de noviembre<\/strong><\/p>\n<div class=\"newspaper-x-tags\"><strong>TAGS: <\/strong><span><a href=\"https:\/\/www.rosarioalerta.com.ar\/site\/archivos\/tag\/andres-bracamonte\" rel=\"tag\">Andr\u00e9s Bracamonte<\/a><\/span><a href=\"https:\/\/www.rosarioalerta.com.ar\/site\/archivos\/tag\/noticias-de-rosario\" rel=\"tag\">Noticias de Rosario<\/a><\/span><a href=\"https:\/\/www.rosarioalerta.com.ar\/site\/archivos\/tag\/pillin\" rel=\"tag\">Pillin<\/a><\/span><a href=\"https:\/\/www.rosarioalerta.com.ar\/site\/archivos\/tag\/rana\" rel=\"tag\">Rana<\/a><\/span><a href=\"https:\/\/www.rosarioalerta.com.ar\/site\/archivos\/tag\/raul-daniel-attardo\" rel=\"tag\">Ra\u00fal Daniel Attardo<\/a><\/span><a href=\"https:\/\/www.rosarioalerta.com.ar\/site\/archivos\/tag\/rosario\" rel=\"tag\">Rosario<\/a><\/span><a href=\"https:\/\/www.rosarioalerta.com.ar\/site\/archivos\/tag\/santa-fe\" rel=\"tag\">Santa Fe<\/a> <\/div>","protected":false},"excerpt":{"rendered":"<p>Fue tras una emboscada que sufrieron a metros del Gigante de Arroyito Pasadas las 21, una balacera se desat\u00f3 en inmediaciones del estadio de Rosario Central, luego de la finalizaci\u00f3n del partido, donde dos personas resultaron heridas de bala. El violento suceso ocurri\u00f3 en Avellaneda e Ibarlucea y las v\u00edctimas fueron identificadas como Andr\u00e9s &#8220;Pill\u00edn&#8221; [&hellip;]<\/p>\n","protected":false},"author":2,"featured_media":21217,"comment_status":"open","ping_status":"open","sticky":false,"template":"","format":"standard","meta":{"_joinchat":[],"footnotes":""},"categories":[15,17,6,21,14],"tags":[508,95,507,1044,1045,55,65],"class_list":["post-21216","post","type-post","status-publish","format-standard","has-post-thumbnail","hentry","category-balaceras","category-heridos","category-homicidios","category-noticias","category-policiales","tag-andres-bracamonte","tag-noticias-de-rosario","tag-pillin","tag-rana","tag-raul-daniel-attardo","tag-rosario","tag-santa-fe"],"_links":{"self":[{"href":"https:\/\/www.rosarioalerta.com.ar\/site\/wp-json\/wp\/v2\/posts\/21216","targetHints":{"allow":["GET"]}}],"collection":[{"href":"https:\/\/www.rosarioalerta.com.ar\/site\/wp-json\/wp\/v2\/posts"}],"about":[{"href":"https:\/\/www.rosarioalerta.com.ar\/site\/wp-json\/wp\/v2\/types\/post"}],"author":[{"embeddable":true,"href":"https:\/\/www.rosarioalerta.com.ar\/site\/wp-json\/wp\/v2\/users\/2"}],"replies":[{"embeddable":true,"href":"https:\/\/www.rosarioalerta.com.ar\/site\/wp-json\/wp\/v2\/comments?post=21216"}],"version-history":[{"count":1,"href":"https:\/\/www.rosarioalerta.com.ar\/site\/wp-json\/wp\/v2\/posts\/21216\/revisions"}],"predecessor-version":[{"id":21218,"href":"https:\/\/www.rosarioalerta.com.ar\/site\/wp-json\/wp\/v2\/posts\/21216\/revisions\/21218"}],"wp:featuredmedia":[{"embeddable":true,"href":"https:\/\/www.rosarioalerta.com.ar\/site\/wp-json\/wp\/v2\/media\/21217"}],"wp:attachment":[{"href":"https:\/\/www.rosarioalerta.com.ar\/site\/wp-json\/wp\/v2\/media?parent=21216"}],"wp:term":[{"taxonomy":"category","embeddable":true,"href":"https:\/\/www.rosarioalerta.com.ar\/site\/wp-json\/wp\/v2\/categories?post=21216"},{"taxonomy":"post_tag","embeddable":true,"href":"https:\/\/www.rosarioalerta.com.ar\/site\/wp-json\/wp\/v2\/tags?post=21216"}],"curies":[{"name":"wp","href":"https:\/\/api.w.org\/{rel}","templated":true}]}}