{"id":21213,"date":"2024-11-10T21:16:19","date_gmt":"2024-11-11T00:16:19","guid":{"rendered":"https:\/\/www.rosarioalerta.com.ar\/site\/?p=21213"},"modified":"2024-11-10T21:16:20","modified_gmt":"2024-11-11T00:16:20","slug":"ofrecen-5-millones-por-dato-sobre-sofia-delgado","status":"publish","type":"post","link":"https:\/\/www.rosarioalerta.com.ar\/site\/archivos\/21213","title":{"rendered":"Ofrecen 5 Millones por dato sobre Sof\u00eda Delgado"},"content":{"rendered":"\n<p><\/p>\n\n\n\n<p>La recompensa se dio a conocer esta ma\u00f1ana luego de varias marchas que piden por la aparici\u00f3n con vida de la joven de 20 a\u00f1os<\/p>\n\n\n\n<p>La Fiscal\u00eda Regional Segunda Circunscripci\u00f3n Rosario, a trav\u00e9s del <strong>Ministerio de Justicia y Seguridad<\/strong> ofrece una recompensa para quienes puedan aportar datos relevantes en la investigaci\u00f3n sobre la desaparici\u00f3n de <strong>Sof\u00eda Delgado<\/strong>.<\/p>\n\n\n\n<p>El comunicado fue lanzado con un llamado urgente a la ciudadan\u00eda para que brinde informaci\u00f3n sobre el paradero de <strong>Sof\u00eda Delgado<\/strong>, una joven de 20 a\u00f1os desaparecida desde <strong>el pasado 31 de octubre<\/strong>. En el marco de la investigaci\u00f3n, las autoridades provinciales han decidido ofrecer una recompensa de <strong>$5.000.000 (cinco millones de pesos)<\/strong> a quienes puedan aportar datos concretos que faciliten su localizaci\u00f3n.<\/p>\n\n\n\n<p><strong>Sof\u00eda Delgado<\/strong> fue vista por \u00faltima vez en <strong>San Lorenzo<\/strong> y desde su desaparici\u00f3n, su familia y amigos han encabezado diversos reclamos p\u00fablicos pidiendo la intervenci\u00f3n de las fuerzas de seguridad y el esclarecimiento del caso. La joven no se ha comunicado con sus seres queridos desde su desaparici\u00f3n, lo que ha incrementado la preocupaci\u00f3n de su entorno y de las autoridades locales.<\/p>\n\n\n\n<p>En un esfuerzo por acelerar la resoluci\u00f3n del caso, la <strong>Provincia de Santa Fe<\/strong> <strong>ha decidido ofrecer esta recompensa econ\u00f3mica<\/strong>, con el objetivo de motivar a quienes posean informaci\u00f3n clave sobre su paradero o sobre las circunstancias que rodean su desaparici\u00f3n. La Fiscal\u00eda Regional ha solicitado a la comunidad que se comunique de manera an\u00f3nima y confidencial con las l\u00edneas habilitadas para recibir datos.<\/p>\n\n\n\n<p><strong>Las personas que tengan informaci\u00f3n relevante pueden llamar al 0800 444 3583 o al 911, y de esta manera contribuir a esclarecer el caso. <\/strong>Se recuerda que la informaci\u00f3n puede ser suministrada de manera<strong> an\u00f3nima, y se garantiza que se tomar\u00e1 con la m\u00e1xima seriedad y profesionalismo.<\/strong><\/p>\n\n\n\n<p>El caso de <strong>Sof\u00eda Delgado<\/strong> contin\u00faa siendo un tema de alta preocupaci\u00f3n y tanto la familia de la joven como las autoridades judiciales conf\u00edan en que la colaboraci\u00f3n de la ciudadan\u00eda podr\u00e1 ser determinante para dar con su paradero<\/p>\n<div class=\"newspaper-x-tags\"><strong>TAGS: <\/strong><span><a href=\"https:\/\/www.rosarioalerta.com.ar\/site\/archivos\/tag\/noticias-de-rosario\" rel=\"tag\">Noticias de Rosario<\/a><\/span><a href=\"https:\/\/www.rosarioalerta.com.ar\/site\/archivos\/tag\/noticias-de-san-lorenzo\" rel=\"tag\">Noticias de San Lorenzo<\/a><\/span><a href=\"https:\/\/www.rosarioalerta.com.ar\/site\/archivos\/tag\/rosario\" rel=\"tag\">Rosario<\/a><\/span><a href=\"https:\/\/www.rosarioalerta.com.ar\/site\/archivos\/tag\/san-lorenzo\" rel=\"tag\">San Lorenzo<\/a><\/span><a href=\"https:\/\/www.rosarioalerta.com.ar\/site\/archivos\/tag\/santa-fe\" rel=\"tag\">Santa Fe<\/a><\/span><a href=\"https:\/\/www.rosarioalerta.com.ar\/site\/archivos\/tag\/sofia-delgado\" rel=\"tag\">Sof\u00eda Delgado<\/a> <\/div>","protected":false},"excerpt":{"rendered":"<p>La recompensa se dio a conocer esta ma\u00f1ana luego de varias marchas que piden por la aparici\u00f3n con vida de la joven de 20 a\u00f1os La Fiscal\u00eda Regional Segunda Circunscripci\u00f3n Rosario, a trav\u00e9s del Ministerio de Justicia y Seguridad ofrece una recompensa para quienes puedan aportar datos relevantes en la investigaci\u00f3n sobre la desaparici\u00f3n de [&hellip;]<\/p>\n","protected":false},"author":2,"featured_media":21214,"comment_status":"open","ping_status":"open","sticky":false,"template":"","format":"standard","meta":{"_joinchat":[],"footnotes":""},"categories":[21,14,52],"tags":[95,238,55,168,65,1043],"class_list":["post-21213","post","type-post","status-publish","format-standard","has-post-thumbnail","hentry","category-noticias","category-policiales","category-te-buscamos","tag-noticias-de-rosario","tag-noticias-de-san-lorenzo","tag-rosario","tag-san-lorenzo","tag-santa-fe","tag-sofia-delgado"],"_links":{"self":[{"href":"https:\/\/www.rosarioalerta.com.ar\/site\/wp-json\/wp\/v2\/posts\/21213","targetHints":{"allow":["GET"]}}],"collection":[{"href":"https:\/\/www.rosarioalerta.com.ar\/site\/wp-json\/wp\/v2\/posts"}],"about":[{"href":"https:\/\/www.rosarioalerta.com.ar\/site\/wp-json\/wp\/v2\/types\/post"}],"author":[{"embeddable":true,"href":"https:\/\/www.rosarioalerta.com.ar\/site\/wp-json\/wp\/v2\/users\/2"}],"replies":[{"embeddable":true,"href":"https:\/\/www.rosarioalerta.com.ar\/site\/wp-json\/wp\/v2\/comments?post=21213"}],"version-history":[{"count":1,"href":"https:\/\/www.rosarioalerta.com.ar\/site\/wp-json\/wp\/v2\/posts\/21213\/revisions"}],"predecessor-version":[{"id":21215,"href":"https:\/\/www.rosarioalerta.com.ar\/site\/wp-json\/wp\/v2\/posts\/21213\/revisions\/21215"}],"wp:featuredmedia":[{"embeddable":true,"href":"https:\/\/www.rosarioalerta.com.ar\/site\/wp-json\/wp\/v2\/media\/21214"}],"wp:attachment":[{"href":"https:\/\/www.rosarioalerta.com.ar\/site\/wp-json\/wp\/v2\/media?parent=21213"}],"wp:term":[{"taxonomy":"category","embeddable":true,"href":"https:\/\/www.rosarioalerta.com.ar\/site\/wp-json\/wp\/v2\/categories?post=21213"},{"taxonomy":"post_tag","embeddable":true,"href":"https:\/\/www.rosarioalerta.com.ar\/site\/wp-json\/wp\/v2\/tags?post=21213"}],"curies":[{"name":"wp","href":"https:\/\/api.w.org\/{rel}","templated":true}]}}