{"id":21207,"date":"2024-11-10T21:14:29","date_gmt":"2024-11-11T00:14:29","guid":{"rendered":"https:\/\/www.rosarioalerta.com.ar\/site\/?p=21207"},"modified":"2024-11-10T21:14:30","modified_gmt":"2024-11-11T00:14:30","slug":"una-mujer-fallecio-tras-colisionar-con-un-tren","status":"publish","type":"post","link":"https:\/\/www.rosarioalerta.com.ar\/site\/archivos\/21207","title":{"rendered":"Una mujer falleci\u00f3 tras colisionar con un tren"},"content":{"rendered":"\n<p><\/p>\n\n\n\n<p>Un siniestro vial fatal tuvo lugar en horas de la tarde en la zona suroeste de Rosario<\/p>\n\n\n\n<p>Alrededor de las 16, un siniestro vial tuvo lugar en la intersecci\u00f3n de <strong>Crespo y las v\u00edas del ferrocarril<\/strong>, que dej\u00f3 como saldo una persona fallecida. La v\u00edctima, una mujer de 26 a\u00f1os, viajaba como acompa\u00f1ante en una motocicleta que fue embestida por una <strong>locomotora<\/strong> de la <strong>l\u00ednea Expreso Pampeano.<\/strong><\/p>\n\n\n\n<p>Seg\u00fan las primeras informaciones, una llamada a la <strong>Central de Emergencias del 911,<\/strong> daba cuenta del siniestro. Al arribar la polic\u00eda se encontraron con una Honda Titan 125cc azul, completamente destruida tras la colisi\u00f3n con la locomotora. El conductor de la moto, un hombre de 28 a\u00f1os identificado como <strong>Ever Emanuel C,<\/strong> result\u00f3 con heridas, pero se encuentra fuera de peligro. La mujer, que viajaba como acompa\u00f1ante, perdi\u00f3 la vida en el lugar.<\/p>\n\n\n\n<p>A la escena llegaron de inmediato los servicios de emergencia del <strong>SIES<\/strong> y personal de la <strong>Polic\u00eda de Investigaciones<\/strong> (PDI), quienes comenzaron las tareas correspondientes para esclarecer las causas del accidente. La fiscal <strong>Dra. Piazza Iglesias<\/strong>, a cargo de la investigaci\u00f3n, dispuso que el cuerpo de la v\u00edctima fuera trasladado al <strong>Instituto M\u00e9dico Legal<\/strong> para la realizaci\u00f3n de la autopsia.<\/p>\n\n\n\n<p>El conductor de la moto fue trasladado a la <strong>Comisar\u00eda 21\u00ba<\/strong>, donde se iniciaron los tr\u00e1mites legales pertinentes. A\u00fan se encuentran en curso las pericias para determinar las causas exactas del accidente y si el accionar del conductor de la locomotora tuvo alguna responsabilidad en el tr\u00e1gico desenlace.<\/p>\n\n\n\n<p>Este caso est\u00e1 siendo investigado bajo la car\u00e1tula de &#8220;Homicidio Culposo&#8221;, y se espera que en los pr\u00f3ximos d\u00edas se ampl\u00eden los detalles sobre las circunstancias que rodearon este fatal suceso<\/p>\n<div class=\"newspaper-x-tags\"><strong>TAGS: <\/strong><span><a href=\"https:\/\/www.rosarioalerta.com.ar\/site\/archivos\/tag\/noticias-de-rosario\" rel=\"tag\">Noticias de Rosario<\/a><\/span><a href=\"https:\/\/www.rosarioalerta.com.ar\/site\/archivos\/tag\/rosario\" rel=\"tag\">Rosario<\/a><\/span><a href=\"https:\/\/www.rosarioalerta.com.ar\/site\/archivos\/tag\/santa-fe\" rel=\"tag\">Santa Fe<\/a> <\/div>","protected":false},"excerpt":{"rendered":"<p>Un siniestro vial fatal tuvo lugar en horas de la tarde en la zona suroeste de Rosario Alrededor de las 16, un siniestro vial tuvo lugar en la intersecci\u00f3n de Crespo y las v\u00edas del ferrocarril, que dej\u00f3 como saldo una persona fallecida. La v\u00edctima, una mujer de 26 a\u00f1os, viajaba como acompa\u00f1ante en una [&hellip;]<\/p>\n","protected":false},"author":2,"featured_media":21208,"comment_status":"open","ping_status":"open","sticky":false,"template":"","format":"standard","meta":{"_joinchat":[],"footnotes":""},"categories":[21,14,10],"tags":[95,55,65],"class_list":["post-21207","post","type-post","status-publish","format-standard","has-post-thumbnail","hentry","category-noticias","category-policiales","category-siniestros-viales","tag-noticias-de-rosario","tag-rosario","tag-santa-fe"],"_links":{"self":[{"href":"https:\/\/www.rosarioalerta.com.ar\/site\/wp-json\/wp\/v2\/posts\/21207","targetHints":{"allow":["GET"]}}],"collection":[{"href":"https:\/\/www.rosarioalerta.com.ar\/site\/wp-json\/wp\/v2\/posts"}],"about":[{"href":"https:\/\/www.rosarioalerta.com.ar\/site\/wp-json\/wp\/v2\/types\/post"}],"author":[{"embeddable":true,"href":"https:\/\/www.rosarioalerta.com.ar\/site\/wp-json\/wp\/v2\/users\/2"}],"replies":[{"embeddable":true,"href":"https:\/\/www.rosarioalerta.com.ar\/site\/wp-json\/wp\/v2\/comments?post=21207"}],"version-history":[{"count":1,"href":"https:\/\/www.rosarioalerta.com.ar\/site\/wp-json\/wp\/v2\/posts\/21207\/revisions"}],"predecessor-version":[{"id":21209,"href":"https:\/\/www.rosarioalerta.com.ar\/site\/wp-json\/wp\/v2\/posts\/21207\/revisions\/21209"}],"wp:featuredmedia":[{"embeddable":true,"href":"https:\/\/www.rosarioalerta.com.ar\/site\/wp-json\/wp\/v2\/media\/21208"}],"wp:attachment":[{"href":"https:\/\/www.rosarioalerta.com.ar\/site\/wp-json\/wp\/v2\/media?parent=21207"}],"wp:term":[{"taxonomy":"category","embeddable":true,"href":"https:\/\/www.rosarioalerta.com.ar\/site\/wp-json\/wp\/v2\/categories?post=21207"},{"taxonomy":"post_tag","embeddable":true,"href":"https:\/\/www.rosarioalerta.com.ar\/site\/wp-json\/wp\/v2\/tags?post=21207"}],"curies":[{"name":"wp","href":"https:\/\/api.w.org\/{rel}","templated":true}]}}