{"id":21197,"date":"2024-11-08T14:30:46","date_gmt":"2024-11-08T17:30:46","guid":{"rendered":"https:\/\/www.rosarioalerta.com.ar\/site\/?p=21197"},"modified":"2024-11-08T14:30:48","modified_gmt":"2024-11-08T17:30:48","slug":"una-familia-perdio-todo-en-un-incendio","status":"publish","type":"post","link":"https:\/\/www.rosarioalerta.com.ar\/site\/archivos\/21197","title":{"rendered":"Una familia perdi\u00f3 todo en un incendio"},"content":{"rendered":"\n<p><\/p>\n\n\n\n<p>Ocurri\u00f3 este mediod\u00eda en Fray Luis Beltr\u00e1n, dos personas atendidas por intoxicaci\u00f3n por humo<\/p>\n\n\n\n<p>Un incendio destruy\u00f3 por completo una vivienda en la localidad de <strong>Fray<\/strong> <strong>Luis Beltr\u00e1n<\/strong>. El siniestro dej\u00f3 p\u00e9rdidas materiales significativas, y dos personas fueron atendidas por el servicio de emergencias<\/p>\n\n\n\n<p>Un incendio se desat\u00f3 esta ma\u00f1ana en una vivienda de la localidad de <strong>Fray<\/strong> <strong>Luis Beltr\u00e1n<\/strong>, en la <strong>Avenida Granadero 938<\/strong>, causando da\u00f1os materiales severos. El fuego, que se origin\u00f3 en una de las habitaciones de la casa, fue r\u00e1pidamente atendido por una dotaci\u00f3n de bomberos que trabaj\u00f3 intensamente para controlar las llamas. Sin embargo, los da\u00f1os fueron considerables, con la p\u00e9rdida total de la habitaci\u00f3n afectada, que albergaba importantes pertenencias de la familia <strong>Dorales<\/strong><\/p>\n\n\n\n<p>La vivienda, donde resid\u00edan dos adultos y un ni\u00f1o de tres a\u00f1os, sufri\u00f3 la destrucci\u00f3n total de diversos muebles y objetos personales. Entre las p\u00e9rdidas se destacan dos roperos completos con ropa de la familia, adem\u00e1s de dos camas: una de plaza y media y otra de dos plazas. Tambi\u00e9n se perdi\u00f3 documentaci\u00f3n importante que pertenec\u00eda a los moradores.<\/p>\n\n\n\n<p>El servicio de emergencias <strong>SIES<\/strong> atendi\u00f3 a las dos personas adultas de la familia, quienes presentaban principios de intoxicaci\u00f3n por inhalaci\u00f3n de humo. Afortunadamente, el ni\u00f1o no sufri\u00f3 heridas graves, aunque se encuentra bajo observaci\u00f3n.<\/p>\n\n\n\n<p><strong>El incendio fue r\u00e1pidamente sofocado, pero las p\u00e9rdidas materiales fueron considerables. Los vecinos y amigos de la familia Dorales han comenzado a organizarse para brindar ayuda. Quienes deseen colaborar con ropa, muebles u otros art\u00edculos para los afectados pueden comunicarse al n\u00famero<\/strong> <strong>3416981985<\/strong><\/p>\n\n\n\n<p>Por el momento, se investigan las causas del incendio, aunque se descarta la posibilidad de que haya sido intencional. Las autoridades locales contin\u00faan trabajando en el lugar para evaluar los da\u00f1os y brindar asistencia a la familia afectada.<\/p>\n\n\n\n<p>Este incidente pone de manifiesto la importancia de la prevenci\u00f3n de incendios en hogares y la necesidad de contar con planes de evacuaci\u00f3n en caso de emergencias.<\/p>\n<div class=\"newspaper-x-tags\"><strong>TAGS: <\/strong><span><a href=\"https:\/\/www.rosarioalerta.com.ar\/site\/archivos\/tag\/fray-luis-beltran\" rel=\"tag\">Fray Luis Beltr\u00e1n<\/a><\/span><a href=\"https:\/\/www.rosarioalerta.com.ar\/site\/archivos\/tag\/noticias-de-rosario\" rel=\"tag\">Noticias de Rosario<\/a><\/span><a href=\"https:\/\/www.rosarioalerta.com.ar\/site\/archivos\/tag\/rosario\" rel=\"tag\">Rosario<\/a><\/span><a href=\"https:\/\/www.rosarioalerta.com.ar\/site\/archivos\/tag\/santa-fe\" rel=\"tag\">Santa Fe<\/a> <\/div>","protected":false},"excerpt":{"rendered":"<p>Ocurri\u00f3 este mediod\u00eda en Fray Luis Beltr\u00e1n, dos personas atendidas por intoxicaci\u00f3n por humo Un incendio destruy\u00f3 por completo una vivienda en la localidad de Fray Luis Beltr\u00e1n. El siniestro dej\u00f3 p\u00e9rdidas materiales significativas, y dos personas fueron atendidas por el servicio de emergencias Un incendio se desat\u00f3 esta ma\u00f1ana en una vivienda de la [&hellip;]<\/p>\n","protected":false},"author":2,"featured_media":21198,"comment_status":"open","ping_status":"open","sticky":false,"template":"","format":"standard","meta":{"_joinchat":[],"footnotes":""},"categories":[21,14],"tags":[281,95,55,65],"class_list":["post-21197","post","type-post","status-publish","format-standard","has-post-thumbnail","hentry","category-noticias","category-policiales","tag-fray-luis-beltran","tag-noticias-de-rosario","tag-rosario","tag-santa-fe"],"_links":{"self":[{"href":"https:\/\/www.rosarioalerta.com.ar\/site\/wp-json\/wp\/v2\/posts\/21197","targetHints":{"allow":["GET"]}}],"collection":[{"href":"https:\/\/www.rosarioalerta.com.ar\/site\/wp-json\/wp\/v2\/posts"}],"about":[{"href":"https:\/\/www.rosarioalerta.com.ar\/site\/wp-json\/wp\/v2\/types\/post"}],"author":[{"embeddable":true,"href":"https:\/\/www.rosarioalerta.com.ar\/site\/wp-json\/wp\/v2\/users\/2"}],"replies":[{"embeddable":true,"href":"https:\/\/www.rosarioalerta.com.ar\/site\/wp-json\/wp\/v2\/comments?post=21197"}],"version-history":[{"count":1,"href":"https:\/\/www.rosarioalerta.com.ar\/site\/wp-json\/wp\/v2\/posts\/21197\/revisions"}],"predecessor-version":[{"id":21199,"href":"https:\/\/www.rosarioalerta.com.ar\/site\/wp-json\/wp\/v2\/posts\/21197\/revisions\/21199"}],"wp:featuredmedia":[{"embeddable":true,"href":"https:\/\/www.rosarioalerta.com.ar\/site\/wp-json\/wp\/v2\/media\/21198"}],"wp:attachment":[{"href":"https:\/\/www.rosarioalerta.com.ar\/site\/wp-json\/wp\/v2\/media?parent=21197"}],"wp:term":[{"taxonomy":"category","embeddable":true,"href":"https:\/\/www.rosarioalerta.com.ar\/site\/wp-json\/wp\/v2\/categories?post=21197"},{"taxonomy":"post_tag","embeddable":true,"href":"https:\/\/www.rosarioalerta.com.ar\/site\/wp-json\/wp\/v2\/tags?post=21197"}],"curies":[{"name":"wp","href":"https:\/\/api.w.org\/{rel}","templated":true}]}}