{"id":21190,"date":"2024-11-08T14:20:27","date_gmt":"2024-11-08T17:20:27","guid":{"rendered":"https:\/\/www.rosarioalerta.com.ar\/site\/?p=21190"},"modified":"2024-11-08T14:20:54","modified_gmt":"2024-11-08T17:20:54","slug":"sofia-delgado-estamos-trabajando-a-destajo","status":"publish","type":"post","link":"https:\/\/www.rosarioalerta.com.ar\/site\/archivos\/21190","title":{"rendered":"Sof\u00eda Delgado: &#8220;Estamos trabajando a destajo&#8221;"},"content":{"rendered":"\n<p><\/p>\n\n\n\n<p>As\u00ed lo manifest\u00f3 el Fiscal Carlos Ortigoza sobre la desaparici\u00f3n de la joven sanlorencina <\/p>\n\n\n\n<p>La b\u00fasqueda de <strong>Sof\u00eda Delgado <\/strong>contin\u00faa siendo una prioridad para la Fiscal\u00eda. El Dr. Carlos Ortigoza brind\u00f3 detalles sobre la investigaci\u00f3n y las diversas hip\u00f3tesis que se barajan. Asegur\u00f3 que se est\u00e1 trabajando intensamente desde el momento en que tomaron conocimiento del caso. &#8220;Estamos trabajando a destajo, en conjunto con la Comisar\u00eda S\u00e9ptima, y se ha dispuesto una b\u00fasqueda por agua con Prefectura&#8221;, declar\u00f3 Ortigoza en una conferencia de prensa. Seg\u00fan el fiscal, se est\u00e1n manejando diversas hip\u00f3tesis y se est\u00e1 revisando un amplio abanico de pruebas y testimonios.<\/p>\n\n\n\n<p>Desde que se report\u00f3 la desaparici\u00f3n de Sof\u00eda el pasado viernes, las autoridades no han dejado de investigar. Ortigoza mencion\u00f3 que se han recibido reportes de testigos que aseguran haberla visto en Rosario y en la localidad de Timb\u00faes, aunque esos datos no han sido confirmados. &#8220;Estamos analizando varias c\u00e1maras de seguridad, tanto en la zona de su domicilio como en los alrededores de los lugares mencionados por los testigos&#8221;, explic\u00f3 el fiscal. En uno de los videos, se observa a una persona caminando cerca de una moto, pero no se puede confirmar si se trata de la joven desaparecida.<\/p>\n\n\n\n<p>Entre las principales hip\u00f3tesis que maneja la Fiscal\u00eda, Ortigoza destac\u00f3 la posibilidad de que Sof\u00eda haya sido secuestrada, aunque a\u00fan no cuentan con elementos concretos que permitan afirmarlo o descartarlo. &#8220;El celular de Sof\u00eda estuvo activo hasta las 23:20 del mismo d\u00eda en que desapareci\u00f3, pero se desconect\u00f3 en una antena de San Lorenzo, sin que haya m\u00e1s rastros desde entonces&#8221;, detall\u00f3 el fiscal.<\/p>\n\n\n\n<p>Ortigoza tambi\u00e9n se refiri\u00f3 a la denuncia presentada por la familia de la joven, que fue realizada 48 horas despu\u00e9s de su desaparici\u00f3n. &#8220;Entendemos que la familia estaba esperando agotar las v\u00edas de contacto con sus allegados antes de formalizar la denuncia&#8221;, sostuvo.<\/p>\n\n\n\n<p>Aunque no se ha confirmado la recompensa por informaci\u00f3n, el fiscal se\u00f1al\u00f3 que la Fiscal\u00eda sigue analizando todos los datos recibidos y que cualquier pista es importante. &#8220;Pedimos a la comunidad que, si tienen informaci\u00f3n, la aporten al 911 o a los tel\u00e9fonos de la familia&#8221;, concluy\u00f3.<\/p>\n\n\n\n<p>La investigaci\u00f3n sigue su curso con la esperanza de dar con el paradero de Sof\u00eda, mientras que las autoridades mantienen un estricto secreto sobre las medidas que se est\u00e1n llevando a cabo para preservar el \u00e9xito de la pesquisa.<\/p>\n<div class=\"newspaper-x-tags\"><strong>TAGS: <\/strong><span><a href=\"https:\/\/www.rosarioalerta.com.ar\/site\/archivos\/tag\/noticias-de-rosario\" rel=\"tag\">Noticias de Rosario<\/a><\/span><a href=\"https:\/\/www.rosarioalerta.com.ar\/site\/archivos\/tag\/noticias-de-san-lorenzo\" rel=\"tag\">Noticias de San Lorenzo<\/a><\/span><a href=\"https:\/\/www.rosarioalerta.com.ar\/site\/archivos\/tag\/rosario\" rel=\"tag\">Rosario<\/a><\/span><a href=\"https:\/\/www.rosarioalerta.com.ar\/site\/archivos\/tag\/san-lorenzo\" rel=\"tag\">San Lorenzo<\/a><\/span><a href=\"https:\/\/www.rosarioalerta.com.ar\/site\/archivos\/tag\/santa-fe\" rel=\"tag\">Santa Fe<\/a> <\/div>","protected":false},"excerpt":{"rendered":"<p>As\u00ed lo manifest\u00f3 el Fiscal Carlos Ortigoza sobre la desaparici\u00f3n de la joven sanlorencina La b\u00fasqueda de Sof\u00eda Delgado contin\u00faa siendo una prioridad para la Fiscal\u00eda. El Dr. Carlos Ortigoza brind\u00f3 detalles sobre la investigaci\u00f3n y las diversas hip\u00f3tesis que se barajan. Asegur\u00f3 que se est\u00e1 trabajando intensamente desde el momento en que tomaron conocimiento [&hellip;]<\/p>\n","protected":false},"author":2,"featured_media":21191,"comment_status":"open","ping_status":"open","sticky":false,"template":"","format":"standard","meta":{"_joinchat":[],"footnotes":""},"categories":[21,14,52],"tags":[95,238,55,168,65],"class_list":["post-21190","post","type-post","status-publish","format-standard","has-post-thumbnail","hentry","category-noticias","category-policiales","category-te-buscamos","tag-noticias-de-rosario","tag-noticias-de-san-lorenzo","tag-rosario","tag-san-lorenzo","tag-santa-fe"],"_links":{"self":[{"href":"https:\/\/www.rosarioalerta.com.ar\/site\/wp-json\/wp\/v2\/posts\/21190","targetHints":{"allow":["GET"]}}],"collection":[{"href":"https:\/\/www.rosarioalerta.com.ar\/site\/wp-json\/wp\/v2\/posts"}],"about":[{"href":"https:\/\/www.rosarioalerta.com.ar\/site\/wp-json\/wp\/v2\/types\/post"}],"author":[{"embeddable":true,"href":"https:\/\/www.rosarioalerta.com.ar\/site\/wp-json\/wp\/v2\/users\/2"}],"replies":[{"embeddable":true,"href":"https:\/\/www.rosarioalerta.com.ar\/site\/wp-json\/wp\/v2\/comments?post=21190"}],"version-history":[{"count":2,"href":"https:\/\/www.rosarioalerta.com.ar\/site\/wp-json\/wp\/v2\/posts\/21190\/revisions"}],"predecessor-version":[{"id":21193,"href":"https:\/\/www.rosarioalerta.com.ar\/site\/wp-json\/wp\/v2\/posts\/21190\/revisions\/21193"}],"wp:featuredmedia":[{"embeddable":true,"href":"https:\/\/www.rosarioalerta.com.ar\/site\/wp-json\/wp\/v2\/media\/21191"}],"wp:attachment":[{"href":"https:\/\/www.rosarioalerta.com.ar\/site\/wp-json\/wp\/v2\/media?parent=21190"}],"wp:term":[{"taxonomy":"category","embeddable":true,"href":"https:\/\/www.rosarioalerta.com.ar\/site\/wp-json\/wp\/v2\/categories?post=21190"},{"taxonomy":"post_tag","embeddable":true,"href":"https:\/\/www.rosarioalerta.com.ar\/site\/wp-json\/wp\/v2\/tags?post=21190"}],"curies":[{"name":"wp","href":"https:\/\/api.w.org\/{rel}","templated":true}]}}