{"id":21185,"date":"2024-11-08T07:47:56","date_gmt":"2024-11-08T10:47:56","guid":{"rendered":"https:\/\/www.rosarioalerta.com.ar\/site\/?p=21185"},"modified":"2024-11-08T07:47:58","modified_gmt":"2024-11-08T10:47:58","slug":"imputaron-a-la-banda-del-gordo-brezik","status":"publish","type":"post","link":"https:\/\/www.rosarioalerta.com.ar\/site\/archivos\/21185","title":{"rendered":"Imputaron a la banda del \u201cGordo\u201d Brezik"},"content":{"rendered":"\n<p><\/p>\n\n\n\n<p>Fue por los delitos de homicidios, usurpaciones y narcotr\u00e1fico en Rosario<\/p>\n\n\n\n<p>La Justicia avanz\u00f3 con la imputaci\u00f3n de varios miembros de una organizaci\u00f3n criminal encabezada por <strong>Jonatan \u201cEl Gordo\u201d Brezik<\/strong>, involucrada en una serie de delitos violentos y narcotraficantes en la zona oeste de Rosario<\/p>\n\n\n\n<p>En una audiencia imputativa celebrada este jueves en el <strong>Centro de Justicia Penal<\/strong> de Rosario, la <strong>Fiscal\u00eda<\/strong> formaliz\u00f3 cargos contra varias personas vinculadas a la organizaci\u00f3n criminal liderada por <strong>Jonatan Ra\u00fal Brezik<\/strong>, conocido como \u201c<strong>El Gordo<\/strong>\u201d, quien se encuentra detenido en la <strong>Penitenciar\u00eda Federal de Ezeiza<\/strong>. La banda estar\u00eda involucrada en delitos como homicidios, abuso de armas, usurpaciones, venta de estupefacientes y portaci\u00f3n ilegal de armas.<\/p>\n\n\n\n<p>Los fiscales <strong>Alejandro Ferlazzo y Gisela Paolicelli<\/strong> imputaron a un total de siete personas, entre ellas, <strong>Brezik<\/strong>, quien fue acusado por ser el <strong>jefe de la asociaci\u00f3n il\u00edcita<\/strong>, que operaba principalmente en la zona oeste de la ciudad, en el conocido \u201c<strong>Barrio Gr\u00e1fico<\/strong>\u201d. El grupo, de acuerdo con la investigaci\u00f3n, estaba compuesto por miembros que desempe\u00f1aban roles espec\u00edficos, organizados para cometer hechos delictivos de manera coordinada y violenta.<\/p>\n\n\n\n<p class=\"has-text-align-center\"><strong>Los cargos<\/strong><\/p>\n\n\n\n<p><strong>Jonatan Ra\u00fal Brezik<\/strong>, desde su detenci\u00f3n en la c\u00e1rcel de Ezeiza, fue imputado como <strong>jefe de la asociaci\u00f3n il\u00edcita<\/strong>.<\/p>\n\n\n\n<p><strong>Lucas Uriel Saban<\/strong>, tambi\u00e9n implicado como miembro de la banda, enfrent\u00f3 cargos por <strong>homicidio agravado<\/strong>, <strong>portaci\u00f3n ileg\u00edtima de armas<\/strong> y <strong>abuso de armas<\/strong>.<\/p>\n\n\n\n<p><strong>Bruno Leonel Pupo<\/strong>, <strong>Franco Ezequiel Noguera<\/strong>, N<strong>ahuel \u00c1ngel Romero<\/strong>, <strong>Nicole Agustina Ibarra<\/strong> y <strong>Jesica Noelia Palma<\/strong>, fueron imputados por ser <strong>miembros de la organizaci\u00f3n<\/strong> y en algunos casos, por delitos espec\u00edficos como <strong>tenencia ileg\u00edtima de armas de fuego<\/strong><\/p>\n\n\n\n<p class=\"has-text-align-center\"><strong>La operaci\u00f3n criminal<\/strong><\/p>\n\n\n\n<p>La organizaci\u00f3n de <strong>Brezik<\/strong>, seg\u00fan la Fiscal\u00eda, operaba en un esquema de <strong>violencia extrema<\/strong>para ampliar su dominio territorial. Entre las actividades il\u00edcitas que realizaban, se incluyen <strong>usurpaciones de viviendas<\/strong>, <strong>venta de drogas<\/strong>, <strong>torturas <\/strong>y <strong>homicidios<\/strong>, algunos de ellos perpetrados con un alto grado de ensa\u00f1amiento y violencia de g\u00e9nero. Un detalle com\u00fan en los homicidios atribuidos a la banda es el uso de bolsas de arpillera o polipropileno para ocultar los cuerpos de las v\u00edctimas.<\/p>\n\n\n\n<p>Adem\u00e1s, la organizaci\u00f3n llevaba a cabo ventas ilegales de estupefacientes, gestionando recursos materiales y humanos para mantener y expandir su poder en el barrio, bajo las \u00f3rdenes impartidas por <strong>Brezik<\/strong> desde su lugar de detenci\u00f3n.<\/p>\n\n\n\n<p class=\"has-text-align-center\"><strong>Violencia de g\u00e9nero y torturas<\/strong><\/p>\n\n\n\n<p>Dentro de los cr\u00edmenes m\u00e1s estremecedores se destacan los homicidios y agresiones de g\u00e9nero, particularmente contra mujeres vinculadas a la organizaci\u00f3n. La Fiscal\u00eda se\u00f1al\u00f3 que algunos de los cr\u00edmenes cometidos por <strong>Nahuel Romero<\/strong>, por ejemplo, incluyen actos de tortura y violencia de g\u00e9nero, con el uso de picanas el\u00e9ctricas para someter a las v\u00edctimas.<\/p>\n\n\n\n<p>La banda operaba con una estructura piramidal, en la cual los miembros de menor rango cumpl\u00edan las \u00f3rdenes de los l\u00edderes sin cuestionar, bajo la amenaza constante de violencia y represalias. Adem\u00e1s, se dedicaban a desmantelar viviendas usurpadas para convertirlas en puntos de venta de estupefacientes o lugares de almacenamiento de bienes robados.<\/p>\n\n\n\n<p class=\"has-text-align-center\"><strong>Prisi\u00f3n preventiva<\/strong><\/p>\n\n\n\n<p>El juez de primera instancia<strong>, Dr. Postma<\/strong>, dict\u00f3 la <strong>prisi\u00f3n preventiva<\/strong>para todos los imputados por el plazo de ley, mientras avanzan las investigaciones. La banda del <strong>\u201cGordo\u201d Brezik<\/strong> sigue siendo uno de los grupos criminales m\u00e1s violentos y organizados de la regi\u00f3n, seg\u00fan los informes de la Fiscal\u00eda.<\/p>\n\n\n\n<p>La imputaci\u00f3n de estos individuos marca un paso significativo en la lucha contra la criminalidad organizada en Rosario, con un enfoque claro en desmantelar redes de narcotr\u00e1fico y violencia que han sembrado el terror en la ciudad durante los \u00faltimos a\u00f1os.<\/p>\n\n\n\n<p>Con la acusaci\u00f3n formalizada, se espera que la Justicia pueda seguir profundizando en la red de delitos vinculados a esta banda y otros actores que pudieran estar involucrados en sus actividades il\u00edcitas.<\/p>\n<div class=\"newspaper-x-tags\"><strong>TAGS: <\/strong><span><a href=\"https:\/\/www.rosarioalerta.com.ar\/site\/archivos\/tag\/noticias-de-rosario\" rel=\"tag\">Noticias de Rosario<\/a><\/span><a href=\"https:\/\/www.rosarioalerta.com.ar\/site\/archivos\/tag\/rosario\" rel=\"tag\">Rosario<\/a><\/span><a href=\"https:\/\/www.rosarioalerta.com.ar\/site\/archivos\/tag\/santa-fe\" rel=\"tag\">Santa Fe<\/a> <\/div>","protected":false},"excerpt":{"rendered":"<p>Fue por los delitos de homicidios, usurpaciones y narcotr\u00e1fico en Rosario La Justicia avanz\u00f3 con la imputaci\u00f3n de varios miembros de una organizaci\u00f3n criminal encabezada por Jonatan \u201cEl Gordo\u201d Brezik, involucrada en una serie de delitos violentos y narcotraficantes en la zona oeste de Rosario En una audiencia imputativa celebrada este jueves en el Centro [&hellip;]<\/p>\n","protected":false},"author":2,"featured_media":21186,"comment_status":"open","ping_status":"open","sticky":false,"template":"","format":"standard","meta":{"_joinchat":[],"footnotes":""},"categories":[11,13,21,14],"tags":[95,55,65],"class_list":["post-21185","post","type-post","status-publish","format-standard","has-post-thumbnail","hentry","category-detenidos","category-judiciales","category-noticias","category-policiales","tag-noticias-de-rosario","tag-rosario","tag-santa-fe"],"_links":{"self":[{"href":"https:\/\/www.rosarioalerta.com.ar\/site\/wp-json\/wp\/v2\/posts\/21185","targetHints":{"allow":["GET"]}}],"collection":[{"href":"https:\/\/www.rosarioalerta.com.ar\/site\/wp-json\/wp\/v2\/posts"}],"about":[{"href":"https:\/\/www.rosarioalerta.com.ar\/site\/wp-json\/wp\/v2\/types\/post"}],"author":[{"embeddable":true,"href":"https:\/\/www.rosarioalerta.com.ar\/site\/wp-json\/wp\/v2\/users\/2"}],"replies":[{"embeddable":true,"href":"https:\/\/www.rosarioalerta.com.ar\/site\/wp-json\/wp\/v2\/comments?post=21185"}],"version-history":[{"count":1,"href":"https:\/\/www.rosarioalerta.com.ar\/site\/wp-json\/wp\/v2\/posts\/21185\/revisions"}],"predecessor-version":[{"id":21187,"href":"https:\/\/www.rosarioalerta.com.ar\/site\/wp-json\/wp\/v2\/posts\/21185\/revisions\/21187"}],"wp:featuredmedia":[{"embeddable":true,"href":"https:\/\/www.rosarioalerta.com.ar\/site\/wp-json\/wp\/v2\/media\/21186"}],"wp:attachment":[{"href":"https:\/\/www.rosarioalerta.com.ar\/site\/wp-json\/wp\/v2\/media?parent=21185"}],"wp:term":[{"taxonomy":"category","embeddable":true,"href":"https:\/\/www.rosarioalerta.com.ar\/site\/wp-json\/wp\/v2\/categories?post=21185"},{"taxonomy":"post_tag","embeddable":true,"href":"https:\/\/www.rosarioalerta.com.ar\/site\/wp-json\/wp\/v2\/tags?post=21185"}],"curies":[{"name":"wp","href":"https:\/\/api.w.org\/{rel}","templated":true}]}}