{"id":21088,"date":"2024-11-04T06:51:54","date_gmt":"2024-11-04T09:51:54","guid":{"rendered":"https:\/\/www.rosarioalerta.com.ar\/site\/?p=21088"},"modified":"2024-11-04T06:51:58","modified_gmt":"2024-11-04T09:51:58","slug":"una-mujer-se-encuentra-grave-tras-ser-baleada","status":"publish","type":"post","link":"https:\/\/www.rosarioalerta.com.ar\/site\/archivos\/21088","title":{"rendered":"Una mujer se encuentra grave tras ser baleada"},"content":{"rendered":"\n<p><\/p>\n\n\n\n<p>Por el hecho hay una persona detenida. No fue la \u00fanica herida en la zona oeste<\/p>\n\n\n\n<p>En un violento episodio registrado en <strong>Cerrito al 5400<\/strong>, donde &nbsp;un joven fue detenido como sospechoso de disparar a una mujer, quien se encuentra en estado cr\u00edtico. Ayer por la noche, se report\u00f3 un tiroteo en la zona de <strong>Cerrito al 5400<\/strong> que dej\u00f3 a una mujer herida de gravedad. Las autoridades llegaron al lugar tras recibir alertas sobre una persona con heridas de arma de fuego. Al realizar las primeras investigaciones, los oficiales entrevistaron a varios vecinos, quienes r\u00e1pidamente identificaron al presunto autor de los disparos como<strong> &#8220;Brunito A&#8221;,<\/strong> un joven de 21 a\u00f1os que, seg\u00fan los testigos, se encontraba en la <strong>tira 8 del Fonavi<\/strong> vestido con una campera negra con capucha.<\/p>\n\n\n\n<p>Los agentes se dirigieron al lugar indicado y encontraron a &#8220;<strong>Brunito<\/strong>&#8221; en las escaleras del complejo habitacional. Aunque llevaron a cabo una requisa palparea, no hallaron armas ni elementos peligrosos en su posesi\u00f3n. Sin embargo, el joven fue aprehendido y trasladado a la <strong>Comisar\u00eda 32\u00ba<\/strong> como principal sospechoso del ataque a una mujer de 19 a\u00f1os, quien hab\u00eda sufrido una grave herida en el cr\u00e1neo.<\/p>\n\n\n\n<p>La v\u00edctima fue trasladada de urgencia por el <strong>SIES<\/strong>, hasta el <strong>Hospital de Emergencias Clemente \u00c1lvarez<\/strong> (HECA) siendo asistida por la <strong>Dra. Farah, <\/strong>quien confirm\u00f3 el diagn\u00f3stico de herida de arma de fuego en el cr\u00e1neo, quedando la joven internada en estado cr\u00edtico.<\/p>\n\n\n\n<p>Este caso se suma a una ola de violencia en la zona, donde se han reportado m\u00faltiples incidentes en las \u00faltimas horas. Entre ellos, un hombre de 36 a\u00f1os baleado en <strong>Cerrito y Liniers<\/strong> la extremidad inferior derecha, quedando internado tambi\u00e9n en el <strong>HECA<\/strong> fuera de peligro. Mientras tanto en <strong>Carrasco y Felipe Mor\u00e9<\/strong> un hombre de 51 a\u00f1os result\u00f3 apu\u00f1alado en el t\u00f3rax, siendo su pron\u00f3stico de salud reservado.<\/p>\n\n\n\n<p>Y finalmente, en <strong>Pedro Lino Funes y Cerrito<\/strong>, dos j\u00f3venes de 16 y 22 a\u00f1os resultaron heridos en las piernas por disparos en el mismo vecindario<\/p>\n<div class=\"newspaper-x-tags\"><strong>TAGS: <\/strong><span><a href=\"https:\/\/www.rosarioalerta.com.ar\/site\/archivos\/tag\/noticias-de-rosario\" rel=\"tag\">Noticias de Rosario<\/a><\/span><a href=\"https:\/\/www.rosarioalerta.com.ar\/site\/archivos\/tag\/rosario\" rel=\"tag\">Rosario<\/a><\/span><a href=\"https:\/\/www.rosarioalerta.com.ar\/site\/archivos\/tag\/santa-fe\" rel=\"tag\">Santa Fe<\/a> <\/div>","protected":false},"excerpt":{"rendered":"<p>Por el hecho hay una persona detenida. No fue la \u00fanica herida en la zona oeste En un violento episodio registrado en Cerrito al 5400, donde &nbsp;un joven fue detenido como sospechoso de disparar a una mujer, quien se encuentra en estado cr\u00edtico. Ayer por la noche, se report\u00f3 un tiroteo en la zona de [&hellip;]<\/p>\n","protected":false},"author":2,"featured_media":21089,"comment_status":"open","ping_status":"open","sticky":false,"template":"","format":"standard","meta":{"_joinchat":[],"footnotes":""},"categories":[15,11,17,66,21,14],"tags":[95,55,65],"class_list":["post-21088","post","type-post","status-publish","format-standard","has-post-thumbnail","hentry","category-balaceras","category-detenidos","category-heridos","category-inseguridad","category-noticias","category-policiales","tag-noticias-de-rosario","tag-rosario","tag-santa-fe"],"_links":{"self":[{"href":"https:\/\/www.rosarioalerta.com.ar\/site\/wp-json\/wp\/v2\/posts\/21088","targetHints":{"allow":["GET"]}}],"collection":[{"href":"https:\/\/www.rosarioalerta.com.ar\/site\/wp-json\/wp\/v2\/posts"}],"about":[{"href":"https:\/\/www.rosarioalerta.com.ar\/site\/wp-json\/wp\/v2\/types\/post"}],"author":[{"embeddable":true,"href":"https:\/\/www.rosarioalerta.com.ar\/site\/wp-json\/wp\/v2\/users\/2"}],"replies":[{"embeddable":true,"href":"https:\/\/www.rosarioalerta.com.ar\/site\/wp-json\/wp\/v2\/comments?post=21088"}],"version-history":[{"count":1,"href":"https:\/\/www.rosarioalerta.com.ar\/site\/wp-json\/wp\/v2\/posts\/21088\/revisions"}],"predecessor-version":[{"id":21090,"href":"https:\/\/www.rosarioalerta.com.ar\/site\/wp-json\/wp\/v2\/posts\/21088\/revisions\/21090"}],"wp:featuredmedia":[{"embeddable":true,"href":"https:\/\/www.rosarioalerta.com.ar\/site\/wp-json\/wp\/v2\/media\/21089"}],"wp:attachment":[{"href":"https:\/\/www.rosarioalerta.com.ar\/site\/wp-json\/wp\/v2\/media?parent=21088"}],"wp:term":[{"taxonomy":"category","embeddable":true,"href":"https:\/\/www.rosarioalerta.com.ar\/site\/wp-json\/wp\/v2\/categories?post=21088"},{"taxonomy":"post_tag","embeddable":true,"href":"https:\/\/www.rosarioalerta.com.ar\/site\/wp-json\/wp\/v2\/tags?post=21088"}],"curies":[{"name":"wp","href":"https:\/\/api.w.org\/{rel}","templated":true}]}}