{"id":21045,"date":"2024-11-01T21:21:48","date_gmt":"2024-11-02T00:21:48","guid":{"rendered":"https:\/\/www.rosarioalerta.com.ar\/site\/?p=21045"},"modified":"2024-11-01T21:21:51","modified_gmt":"2024-11-02T00:21:51","slug":"persecucion-y-detencion-en-pleno-centro","status":"publish","type":"post","link":"https:\/\/www.rosarioalerta.com.ar\/site\/archivos\/21045","title":{"rendered":"Persecuci\u00f3n y detenci\u00f3n en pleno centro"},"content":{"rendered":"\n<p><\/p>\n\n\n\n<p>La polic\u00eda realiz\u00f3 dos aprehensiones significativas en Rosario, una por robo de bicicleta y otra por un pedido de captura activo<\/p>\n\n\n\n<p>En la tarde de este viernes, alrededor de las 15, la polic\u00eda patrullaba la zona de <strong>Balcarce 1400<\/strong> cuando recibi\u00f3 un llamado radial sobre un hombre que hab\u00eda robado una bicicleta todo terreno negra. Seg\u00fan los informes, el sospechoso hab\u00eda cortado la linga de seguridad de la bicicleta en la intersecci\u00f3n de <strong>Moreno y C\u00f3rdoba<\/strong>. A medida que se realizaba el patrullaje, la <strong>Central de Emergencias del 911<\/strong> alert\u00f3 que un civil estaba persiguiendo al ladr\u00f3n, quien se dirig\u00eda hacia el sur por <strong>Oro\u00f1o y luego giraba al este por 9 de Julio.<\/strong><\/p>\n\n\n\n<p>Al avistar al sospechoso, que intentaba escapar, los agentes lo persiguieron hasta la calle <strong>Balcarce<\/strong>, donde lograron darle alcance y proceder a su aprehensi\u00f3n. El detenido, identificado como <strong>Jorge Adri\u00e1n de 37 a\u00f1os<\/strong>, fue encontrado en posesi\u00f3n de varios objetos relacionados con el robo: una bicicleta todo terreno negra, un corta perno amarillo, una pinza roja, y dos lingas cortadas, una de color amarillo y otra negra. El procedimiento fue trasladado a la <strong>Comisar\u00eda 2\u00ba<\/strong> para continuar con las actuaciones pertinentes.<\/p>\n\n\n\n<p><strong>Pedido de Captura Activo<\/strong><\/p>\n\n\n\n<p>Casi al mismo tiempo, otra unidad policial, mientras cumpl\u00eda con su servicio en la calle <strong>Magaldi al 8500<\/strong>, identific\u00f3 a un hombre que estaba sentado en la vereda. Tras realizar las verificaciones pertinentes, se confirm\u00f3 que se trataba de <strong>Ezequiel Dami\u00e1n de 25 a\u00f1os<\/strong>, quien ten\u00eda un pedido de captura activo desde el <strong>21 de enero de 2021<\/strong>, emitido por el Juzgado del Distrito 2 de Rosario. La polic\u00eda procedi\u00f3 a su aprehensi\u00f3n y lo traslad\u00f3 a la <strong>Comisar\u00eda 12\u00ba<\/strong> por razones de competencia territorial.<\/p>\n\n\n\n<p>Estos dos hechos destacan la importancia de la vigilancia policial y la coordinaci\u00f3n entre las diferentes unidades de seguridad en la ciudad. Las acciones r\u00e1pidas y decididas de las fuerzas de seguridad son fundamentales para mantener el orden y la seguridad en Rosario, contribuyendo a una comunidad m\u00e1s segura para todos sus habitantes.<\/p>\n<div class=\"newspaper-x-tags\"><strong>TAGS: <\/strong><span><a href=\"https:\/\/www.rosarioalerta.com.ar\/site\/archivos\/tag\/noticias-de-rosario\" rel=\"tag\">Noticias de Rosario<\/a><\/span><a href=\"https:\/\/www.rosarioalerta.com.ar\/site\/archivos\/tag\/rosario\" rel=\"tag\">Rosario<\/a><\/span><a href=\"https:\/\/www.rosarioalerta.com.ar\/site\/archivos\/tag\/santa-fe\" rel=\"tag\">Santa Fe<\/a> <\/div>","protected":false},"excerpt":{"rendered":"<p>La polic\u00eda realiz\u00f3 dos aprehensiones significativas en Rosario, una por robo de bicicleta y otra por un pedido de captura activo En la tarde de este viernes, alrededor de las 15, la polic\u00eda patrullaba la zona de Balcarce 1400 cuando recibi\u00f3 un llamado radial sobre un hombre que hab\u00eda robado una bicicleta todo terreno negra. [&hellip;]<\/p>\n","protected":false},"author":2,"featured_media":21046,"comment_status":"open","ping_status":"open","sticky":false,"template":"","format":"standard","meta":{"_joinchat":[],"footnotes":""},"categories":[11,21,14,2],"tags":[95,55,65],"class_list":["post-21045","post","type-post","status-publish","format-standard","has-post-thumbnail","hentry","category-detenidos","category-noticias","category-policiales","category-robos","tag-noticias-de-rosario","tag-rosario","tag-santa-fe"],"_links":{"self":[{"href":"https:\/\/www.rosarioalerta.com.ar\/site\/wp-json\/wp\/v2\/posts\/21045","targetHints":{"allow":["GET"]}}],"collection":[{"href":"https:\/\/www.rosarioalerta.com.ar\/site\/wp-json\/wp\/v2\/posts"}],"about":[{"href":"https:\/\/www.rosarioalerta.com.ar\/site\/wp-json\/wp\/v2\/types\/post"}],"author":[{"embeddable":true,"href":"https:\/\/www.rosarioalerta.com.ar\/site\/wp-json\/wp\/v2\/users\/2"}],"replies":[{"embeddable":true,"href":"https:\/\/www.rosarioalerta.com.ar\/site\/wp-json\/wp\/v2\/comments?post=21045"}],"version-history":[{"count":1,"href":"https:\/\/www.rosarioalerta.com.ar\/site\/wp-json\/wp\/v2\/posts\/21045\/revisions"}],"predecessor-version":[{"id":21047,"href":"https:\/\/www.rosarioalerta.com.ar\/site\/wp-json\/wp\/v2\/posts\/21045\/revisions\/21047"}],"wp:featuredmedia":[{"embeddable":true,"href":"https:\/\/www.rosarioalerta.com.ar\/site\/wp-json\/wp\/v2\/media\/21046"}],"wp:attachment":[{"href":"https:\/\/www.rosarioalerta.com.ar\/site\/wp-json\/wp\/v2\/media?parent=21045"}],"wp:term":[{"taxonomy":"category","embeddable":true,"href":"https:\/\/www.rosarioalerta.com.ar\/site\/wp-json\/wp\/v2\/categories?post=21045"},{"taxonomy":"post_tag","embeddable":true,"href":"https:\/\/www.rosarioalerta.com.ar\/site\/wp-json\/wp\/v2\/tags?post=21045"}],"curies":[{"name":"wp","href":"https:\/\/api.w.org\/{rel}","templated":true}]}}