{"id":20831,"date":"2024-10-23T10:07:29","date_gmt":"2024-10-23T13:07:29","guid":{"rendered":"https:\/\/www.rosarioalerta.com.ar\/site\/?p=20831"},"modified":"2024-10-23T10:07:31","modified_gmt":"2024-10-23T13:07:31","slug":"tragico-siniestro-vial-en-general-lagos","status":"publish","type":"post","link":"https:\/\/www.rosarioalerta.com.ar\/site\/archivos\/20831","title":{"rendered":"Tr\u00e1gico siniestro vial en General Lagos"},"content":{"rendered":"\n<p><\/p>\n\n\n\n<p>Un hombre perdi\u00f3 la vida tras una colisi\u00f3n en horas de la noche<\/p>\n\n\n\n<p>Un tr\u00e1gico siniestro vial tuvo lugar pasadas las 20, donde un hombre perdi\u00f3 la vida a bordo de una moto sobre la <strong>Ruta 21<\/strong>, a la altura de <strong>General Lagos<\/strong>. Las autoridades investigan las circunstancias del siniestro.<\/p>\n\n\n\n<p>El siniestro ocurrido pasadas las 21<strong>, en el kil\u00f3metro 72 de la Ruta 21<\/strong>, sobre la localidad de <strong>General Lagos<\/strong>, dej\u00f3 como saldo tr\u00e1gico la muerte de un hombre identificado como <strong>Leonardo Sosa<\/strong>, quien ten\u00eda domicilio en <strong>Arroyo Seco<\/strong>. El hecho ocurri\u00f3 mientras efectivos de control vehicular realizaban un operativo en la intersecci\u00f3n de la <strong>Ruta Provincial 21 y 27 de Febrero.<\/strong><\/p>\n\n\n\n<p>El incidente fue reportado por un conductor que pasaba por el lugar, aunque no proporcion\u00f3 detalles sobre lo ocurrido. Al llegar al sitio, los agentes encontraron a Sosa tendido sobre la calzada, aparentemente sin vida, junto a su <strong>Royal Enfield 500cc<\/strong>, ubicada a unos metros de distancia.<\/p>\n\n\n\n<p>Inmediatamente, implementaron desv\u00edos vehiculares en las arterias aleda\u00f1as, como <strong>AO12 y RP21<\/strong>, as\u00ed como en el acceso a la <strong>Autopista Buenos Aires. <\/strong>La situaci\u00f3n requiri\u00f3 la intervenci\u00f3n de la Fiscal\u00eda, que fue informada por el <strong>Dr. Jurado<\/strong>, quien orden\u00f3 las medidas correspondientes para esclarecer los hechos.<\/p>\n\n\n\n<p>La <strong>Polic\u00eda de Investigaci\u00f3n<\/strong> (PDI) lleg\u00f3 al lugar para llevar a cabo las tareas de rigor, mientras que una unidad sanitaria del <strong>SIES<\/strong> y los <strong>Bomberos<\/strong> <strong>Zapadores de San Lorenzo<\/strong> tambi\u00e9n se presentaron en el sitio. Los bomberos se encargaron de trasladar el cuerpo de la v\u00edctima al <strong>Instituto M\u00e9dico Legal<\/strong> para la autopsia.<\/p>\n\n\n\n<p>Las causas exactas del accidente a\u00fan est\u00e1n bajo investigaci\u00f3n, y el procedimiento fue trasladado a la <strong>Sub Comisar\u00eda 13\u00ba<\/strong>, de acuerdo a las normativas de jurisdicci\u00f3n. Este tr\u00e1gico suceso pone de relieve la importancia de la seguridad vial y la necesidad de tomar precauciones al conducir, especialmente en rutas donde la circulaci\u00f3n puede ser intensa.<\/p>\n<div class=\"newspaper-x-tags\"><strong>TAGS: <\/strong><span><a href=\"https:\/\/www.rosarioalerta.com.ar\/site\/archivos\/tag\/arroyo-seco\" rel=\"tag\">Arroyo Seco<\/a><\/span><a href=\"https:\/\/www.rosarioalerta.com.ar\/site\/archivos\/tag\/general-lagos\" rel=\"tag\">General Lagos<\/a><\/span><a href=\"https:\/\/www.rosarioalerta.com.ar\/site\/archivos\/tag\/noticias-de-arroyo-seco\" rel=\"tag\">Noticias de Arroyo Seco<\/a><\/span><a href=\"https:\/\/www.rosarioalerta.com.ar\/site\/archivos\/tag\/noticias-de-general-lagos\" rel=\"tag\">Noticias de General Lagos<\/a><\/span><a href=\"https:\/\/www.rosarioalerta.com.ar\/site\/archivos\/tag\/noticias-de-rosario\" rel=\"tag\">Noticias de Rosario<\/a><\/span><a href=\"https:\/\/www.rosarioalerta.com.ar\/site\/archivos\/tag\/rosario\" rel=\"tag\">Rosario<\/a><\/span><a href=\"https:\/\/www.rosarioalerta.com.ar\/site\/archivos\/tag\/santa-fe\" rel=\"tag\">Santa Fe<\/a> <\/div>","protected":false},"excerpt":{"rendered":"<p>Un hombre perdi\u00f3 la vida tras una colisi\u00f3n en horas de la noche Un tr\u00e1gico siniestro vial tuvo lugar pasadas las 20, donde un hombre perdi\u00f3 la vida a bordo de una moto sobre la Ruta 21, a la altura de General Lagos. Las autoridades investigan las circunstancias del siniestro. El siniestro ocurrido pasadas las [&hellip;]<\/p>\n","protected":false},"author":2,"featured_media":20832,"comment_status":"open","ping_status":"open","sticky":false,"template":"","format":"standard","meta":{"_joinchat":[],"footnotes":""},"categories":[6,21,14,10],"tags":[177,277,136,278,95,55,65],"class_list":["post-20831","post","type-post","status-publish","format-standard","has-post-thumbnail","hentry","category-homicidios","category-noticias","category-policiales","category-siniestros-viales","tag-arroyo-seco","tag-general-lagos","tag-noticias-de-arroyo-seco","tag-noticias-de-general-lagos","tag-noticias-de-rosario","tag-rosario","tag-santa-fe"],"_links":{"self":[{"href":"https:\/\/www.rosarioalerta.com.ar\/site\/wp-json\/wp\/v2\/posts\/20831","targetHints":{"allow":["GET"]}}],"collection":[{"href":"https:\/\/www.rosarioalerta.com.ar\/site\/wp-json\/wp\/v2\/posts"}],"about":[{"href":"https:\/\/www.rosarioalerta.com.ar\/site\/wp-json\/wp\/v2\/types\/post"}],"author":[{"embeddable":true,"href":"https:\/\/www.rosarioalerta.com.ar\/site\/wp-json\/wp\/v2\/users\/2"}],"replies":[{"embeddable":true,"href":"https:\/\/www.rosarioalerta.com.ar\/site\/wp-json\/wp\/v2\/comments?post=20831"}],"version-history":[{"count":1,"href":"https:\/\/www.rosarioalerta.com.ar\/site\/wp-json\/wp\/v2\/posts\/20831\/revisions"}],"predecessor-version":[{"id":20833,"href":"https:\/\/www.rosarioalerta.com.ar\/site\/wp-json\/wp\/v2\/posts\/20831\/revisions\/20833"}],"wp:featuredmedia":[{"embeddable":true,"href":"https:\/\/www.rosarioalerta.com.ar\/site\/wp-json\/wp\/v2\/media\/20832"}],"wp:attachment":[{"href":"https:\/\/www.rosarioalerta.com.ar\/site\/wp-json\/wp\/v2\/media?parent=20831"}],"wp:term":[{"taxonomy":"category","embeddable":true,"href":"https:\/\/www.rosarioalerta.com.ar\/site\/wp-json\/wp\/v2\/categories?post=20831"},{"taxonomy":"post_tag","embeddable":true,"href":"https:\/\/www.rosarioalerta.com.ar\/site\/wp-json\/wp\/v2\/tags?post=20831"}],"curies":[{"name":"wp","href":"https:\/\/api.w.org\/{rel}","templated":true}]}}