{"id":20800,"date":"2024-10-21T19:10:29","date_gmt":"2024-10-21T22:10:29","guid":{"rendered":"https:\/\/www.rosarioalerta.com.ar\/site\/?p=20800"},"modified":"2024-10-21T19:10:30","modified_gmt":"2024-10-21T22:10:30","slug":"condenaron-a-prision-perpetua-a-ivan-gutierrez-y-alan-funes-por-el-crimen-de-mariel-lezcano","status":"publish","type":"post","link":"https:\/\/www.rosarioalerta.com.ar\/site\/archivos\/20800","title":{"rendered":"Condenaron a prisi\u00f3n perpetua a Iv\u00e1n Guti\u00e9rrez y Alan Funes por el crimen de Mariel Lezcano"},"content":{"rendered":"\n<p><\/p>\n\n\n\n<p>El tribunal de Rosario dict\u00f3 sentencias severas para los responsables del asesinato de <strong>Mariel Lezcano<\/strong>, ocurrido en octubre de 2021, resaltando la gravedad del crimen organizado y la portaci\u00f3n de armas en la ciudad<\/p>\n\n\n\n<p>Este lunes, en la sala 10 del Centro de Justicia Penal de Rosario, se dio a conocer el fallo del tribunal integrado por los jueces <strong>Ismael Manfrin<\/strong>, <strong>Fernando Sosa y Silvana Lamas<\/strong>, en un caso que conmocion\u00f3 a la comunidad. <strong>Alan Elio Funes e Iv\u00e1n Ariel Guti\u00e9rrez<\/strong> fueron condenados a prisi\u00f3n perpetua por su participaci\u00f3n en el homicidio de <strong>Mariel Lezcano<\/strong>, cometido el <strong>13 de octubre de 2021<\/strong>, mientras que <strong>Ulises David Chapire<\/strong> recibi\u00f3 una pena de 20 a\u00f1os de prisi\u00f3n por su rol como part\u00edcipe necesario.<\/p>\n\n\n\n<p>Funes fue hallado culpable como instigador del homicidio, agravado por el uso de arma de fuego y calificado por haber sido perpetrado por un precio o promesa remuneratoria. <strong>Guti\u00e9rrez<\/strong>, en su calidad de coautor, tambi\u00e9n fue condenado por homicidio agravado y portaci\u00f3n ileg\u00edtima de un arma de fuego de guerra. <strong>Chapire<\/strong>, por su parte, fue condenado por homicidio simple agravado, destacando su implicaci\u00f3n como c\u00f3mplice en el crimen.<\/p>\n\n\n\n<p>El asesinato de <strong>Lezcano<\/strong> fue parte de un plan organizado por <strong>Funes<\/strong>, quien, desde el <strong>Complejo Penitenciario Federal N\u00b0 1 de Ezeiza<\/strong>, instruy\u00f3 a <strong>Guti\u00e9rrez y Chapire<\/strong> para llevar a cabo el ataque, prometi\u00e9ndoles una compensaci\u00f3n econ\u00f3mica a cambio de sus servicios. En la tarde del 13 de octubre, los dos hombres se trasladaron en motocicleta a la casa de la v\u00edctima, donde <strong>Guti\u00e9rrez<\/strong> dispar\u00f3 en m\u00faltiples ocasiones, caus\u00e1ndole la muerte de manera inmediata.<\/p>\n\n\n\n<p>El caso se origin\u00f3 a partir de una investigaci\u00f3n impulsada por los fiscales <strong>Gast\u00f3n \u00c1vila y Lisandro Artacho<\/strong> de la <strong>Unidad de Homicidios Dolosos<\/strong>, quienes detectaron maniobras delictivas que inclu\u00edan el uso de armas de fuego y un contexto de crimen organizado.<\/p>\n\n\n\n<p>La sentencia no solo busca hacer justicia por el asesinato de Lezcano, sino que tambi\u00e9n env\u00eda un mensaje claro sobre la lucha contra el crimen en la regi\u00f3n. La participaci\u00f3n activa de las fuerzas de seguridad y el sistema judicial en desmantelar estas organizaciones es fundamental para la seguridad p\u00fablica.<\/p>\n\n\n\n<p>La condena a <strong>Funes y Guti\u00e9rrez<\/strong>, ambos con antecedentes penales, pone de manifiesto la gravedad de los delitos asociados a la violencia armada en Rosario, un fen\u00f3meno que contin\u00faa generando preocupaci\u00f3n en la sociedad. Con estas acciones, las autoridades buscan frenar el ciclo de violencia y dar respuesta a la demanda de justicia de la comunidad.<\/p>\n<div class=\"newspaper-x-tags\"><strong>TAGS: <\/strong><span><a href=\"https:\/\/www.rosarioalerta.com.ar\/site\/archivos\/tag\/alan-elio-funes\" rel=\"tag\">Alan Elio Funes<\/a><\/span><a href=\"https:\/\/www.rosarioalerta.com.ar\/site\/archivos\/tag\/ivan-ariel-gutierrez\" rel=\"tag\">Iv\u00e1n Ariel Guti\u00e9rrez<\/a><\/span><a href=\"https:\/\/www.rosarioalerta.com.ar\/site\/archivos\/tag\/mariel-lezcano\" rel=\"tag\">Mariel Lezcano<\/a><\/span><a href=\"https:\/\/www.rosarioalerta.com.ar\/site\/archivos\/tag\/noticias-de-rosario\" rel=\"tag\">Noticias de Rosario<\/a><\/span><a href=\"https:\/\/www.rosarioalerta.com.ar\/site\/archivos\/tag\/rosario\" rel=\"tag\">Rosario<\/a><\/span><a href=\"https:\/\/www.rosarioalerta.com.ar\/site\/archivos\/tag\/santa-fe\" rel=\"tag\">Santa Fe<\/a><\/span><a href=\"https:\/\/www.rosarioalerta.com.ar\/site\/archivos\/tag\/ulises-david-chapire\" rel=\"tag\">Ulises David Chapire<\/a> <\/div>","protected":false},"excerpt":{"rendered":"<p>El tribunal de Rosario dict\u00f3 sentencias severas para los responsables del asesinato de Mariel Lezcano, ocurrido en octubre de 2021, resaltando la gravedad del crimen organizado y la portaci\u00f3n de armas en la ciudad Este lunes, en la sala 10 del Centro de Justicia Penal de Rosario, se dio a conocer el fallo del tribunal [&hellip;]<\/p>\n","protected":false},"author":2,"featured_media":20801,"comment_status":"open","ping_status":"open","sticky":false,"template":"","format":"standard","meta":{"_joinchat":[],"footnotes":""},"categories":[11,6,13,21,14],"tags":[1011,1012,1010,95,55,65,1013],"class_list":["post-20800","post","type-post","status-publish","format-standard","has-post-thumbnail","hentry","category-detenidos","category-homicidios","category-judiciales","category-noticias","category-policiales","tag-alan-elio-funes","tag-ivan-ariel-gutierrez","tag-mariel-lezcano","tag-noticias-de-rosario","tag-rosario","tag-santa-fe","tag-ulises-david-chapire"],"_links":{"self":[{"href":"https:\/\/www.rosarioalerta.com.ar\/site\/wp-json\/wp\/v2\/posts\/20800","targetHints":{"allow":["GET"]}}],"collection":[{"href":"https:\/\/www.rosarioalerta.com.ar\/site\/wp-json\/wp\/v2\/posts"}],"about":[{"href":"https:\/\/www.rosarioalerta.com.ar\/site\/wp-json\/wp\/v2\/types\/post"}],"author":[{"embeddable":true,"href":"https:\/\/www.rosarioalerta.com.ar\/site\/wp-json\/wp\/v2\/users\/2"}],"replies":[{"embeddable":true,"href":"https:\/\/www.rosarioalerta.com.ar\/site\/wp-json\/wp\/v2\/comments?post=20800"}],"version-history":[{"count":1,"href":"https:\/\/www.rosarioalerta.com.ar\/site\/wp-json\/wp\/v2\/posts\/20800\/revisions"}],"predecessor-version":[{"id":20802,"href":"https:\/\/www.rosarioalerta.com.ar\/site\/wp-json\/wp\/v2\/posts\/20800\/revisions\/20802"}],"wp:featuredmedia":[{"embeddable":true,"href":"https:\/\/www.rosarioalerta.com.ar\/site\/wp-json\/wp\/v2\/media\/20801"}],"wp:attachment":[{"href":"https:\/\/www.rosarioalerta.com.ar\/site\/wp-json\/wp\/v2\/media?parent=20800"}],"wp:term":[{"taxonomy":"category","embeddable":true,"href":"https:\/\/www.rosarioalerta.com.ar\/site\/wp-json\/wp\/v2\/categories?post=20800"},{"taxonomy":"post_tag","embeddable":true,"href":"https:\/\/www.rosarioalerta.com.ar\/site\/wp-json\/wp\/v2\/tags?post=20800"}],"curies":[{"name":"wp","href":"https:\/\/api.w.org\/{rel}","templated":true}]}}