{"id":20715,"date":"2024-10-15T19:21:47","date_gmt":"2024-10-15T22:21:47","guid":{"rendered":"https:\/\/www.rosarioalerta.com.ar\/site\/?p=20715"},"modified":"2024-10-15T19:21:54","modified_gmt":"2024-10-15T22:21:54","slug":"un-muerto-y-dos-detenidos-tras-una-balacera","status":"publish","type":"post","link":"https:\/\/www.rosarioalerta.com.ar\/site\/archivos\/20715","title":{"rendered":"Un muerto y dos detenidos tras una balacera"},"content":{"rendered":"\n<p><\/p>\n\n\n\n<p>En las \u00faltimas horas se reportaron heridos, hechos de abuso de armas y detenidos<\/p>\n\n\n\n<p>Un tiroteo en la zona de <strong>Cafferata y Amen\u00e1bar<\/strong> dej\u00f3 un saldo tr\u00e1gico en Rosario, donde tres hombres resultaron heridos de bala y uno de ellos falleci\u00f3. Los hechos, que ocurrieron en plena tarde, desataron una serie de operativos policiales en la ciudad.<\/p>\n\n\n\n<p>Este martes, alrededor de las 18, ingresaron m\u00faltiples llamados a la <strong>Central de Emergencias del 911,<\/strong> dando cuenta de una balacera con heridos en la intersecci\u00f3n de <strong>Cafferata y Amen\u00e1bar<\/strong>. Al llegar al lugar, las fuerzas de seguridad encontraron a tres hombres con heridas de arma de fuego. Uno de ellos hab\u00eda sido trasladado previamente en un veh\u00edculo particular al <strong>Hospital de Emergencias Clemente \u00c1lvarez<\/strong> (HECA).<\/p>\n\n\n\n<p>Los primeros informes indican que uno de los heridos presentaba una herida mortal, mientras que otro sufri\u00f3 una lesi\u00f3n en la zona lumbar y el tercero en el brazo izquierdo. La escena del tiroteo fue r\u00e1pidamente acordonada por la polic\u00eda, que comenz\u00f3 a recopilar testimonios de testigos.<\/p>\n\n\n\n<p>Seg\u00fan relatos de terceros, los presuntos autores del ataque ser\u00edan dos hombres que se desplazaban en una motocicleta de 250cc. Tras recibir m\u00e1s informaci\u00f3n, los efectivos de la polic\u00eda se dirigieron a <strong>Pje Amazonas al 3100, <\/strong>donde se hab\u00edan visto a los sospechosos. Al llegar, observaron a una mujer que ingresaba a su domicilio junto a una motocicleta blanca, la cual presentaba un pedido de secuestro.<\/p>\n\n\n\n<p>De esta forma los uniformados, aprehendieron a; <strong>Anal\u00eda Noem\u00ed R y Juan B ambos de 44 a\u00f1os<\/strong>, as\u00ed como al secuestro de una pistola calibre 9 mm, completamente cargada. Los detenidos fueron trasladados a la <strong>Comisar\u00eda 21\u00ba,<\/strong> donde se iniciaron las actuaciones de rigor, para quedar a disposici\u00f3n de la justicia, quienes se encargar\u00e1n de imputar a los demorados, por el hecho<\/p>\n\n\n\n<p class=\"has-text-align-center\"><strong>Son 74 los cr\u00edmenes que reporta el departamento Rosario desde el inicio de a\u00f1o y el sexto caso del mes de octubre<\/strong><\/p>\n\n\n\n<p>Horas antes en <strong>Colombres al 3000<\/strong>, hubo un hecho de abuso de armas, donde sicarios a bordo de una motocicleta atentaron contra el frente de una vivienda. De la escena contabilizaron 10 impactos de bala, recogieron dos vainas servidas y no descartaron que los disparos registrados en mamposter\u00eda, no sean de otros hechos anteriores, por los cuales hay personas imputadas y detenidas. En este hecho no se registraron heridos<\/p>\n\n\n\n<p>En un hecho anterior, un hombre result\u00f3 herido en <strong>Granadero Baigorria<\/strong> tras intentar recuperar una motocicleta robada. La v\u00edctima, baleada en las extremidades inferiores, cuando estaba en inmediaciones de <strong>17 de Agosto al 3400<\/strong>, fue llevada al <strong>Hospital Eva Per\u00f3n<\/strong>, donde se encuentra en recuperaci\u00f3n.<\/p>\n\n\n\n<p>Finalmente, en <strong>Capit\u00e1n Berm\u00fadez<\/strong>, ayer a las 18, un hombre result\u00f3 herido de bala en sus piernas. Seg\u00fan los informes policiales, habr\u00eda sido atacado en <strong>Mitre y J M Rosas<\/strong>. Lo trasladaron al <strong>Hospital Eva Per\u00f3n<\/strong>, donde se recupera<\/p>\n","protected":false},"excerpt":{"rendered":"<p>En las \u00faltimas horas se reportaron heridos, hechos de abuso de armas y detenidos Un tiroteo en la zona de Cafferata y Amen\u00e1bar dej\u00f3 un saldo tr\u00e1gico en Rosario, donde tres hombres resultaron heridos de bala y uno de ellos falleci\u00f3. Los hechos, que ocurrieron en plena tarde, desataron una serie de operativos policiales en [&hellip;]<\/p>\n","protected":false},"author":2,"featured_media":20716,"comment_status":"open","ping_status":"open","sticky":false,"template":"","format":"standard","meta":{"_joinchat":[],"footnotes":""},"categories":[15,11,17,6,21,14],"tags":[],"class_list":["post-20715","post","type-post","status-publish","format-standard","has-post-thumbnail","hentry","category-balaceras","category-detenidos","category-heridos","category-homicidios","category-noticias","category-policiales"],"_links":{"self":[{"href":"https:\/\/www.rosarioalerta.com.ar\/site\/wp-json\/wp\/v2\/posts\/20715","targetHints":{"allow":["GET"]}}],"collection":[{"href":"https:\/\/www.rosarioalerta.com.ar\/site\/wp-json\/wp\/v2\/posts"}],"about":[{"href":"https:\/\/www.rosarioalerta.com.ar\/site\/wp-json\/wp\/v2\/types\/post"}],"author":[{"embeddable":true,"href":"https:\/\/www.rosarioalerta.com.ar\/site\/wp-json\/wp\/v2\/users\/2"}],"replies":[{"embeddable":true,"href":"https:\/\/www.rosarioalerta.com.ar\/site\/wp-json\/wp\/v2\/comments?post=20715"}],"version-history":[{"count":1,"href":"https:\/\/www.rosarioalerta.com.ar\/site\/wp-json\/wp\/v2\/posts\/20715\/revisions"}],"predecessor-version":[{"id":20717,"href":"https:\/\/www.rosarioalerta.com.ar\/site\/wp-json\/wp\/v2\/posts\/20715\/revisions\/20717"}],"wp:featuredmedia":[{"embeddable":true,"href":"https:\/\/www.rosarioalerta.com.ar\/site\/wp-json\/wp\/v2\/media\/20716"}],"wp:attachment":[{"href":"https:\/\/www.rosarioalerta.com.ar\/site\/wp-json\/wp\/v2\/media?parent=20715"}],"wp:term":[{"taxonomy":"category","embeddable":true,"href":"https:\/\/www.rosarioalerta.com.ar\/site\/wp-json\/wp\/v2\/categories?post=20715"},{"taxonomy":"post_tag","embeddable":true,"href":"https:\/\/www.rosarioalerta.com.ar\/site\/wp-json\/wp\/v2\/tags?post=20715"}],"curies":[{"name":"wp","href":"https:\/\/api.w.org\/{rel}","templated":true}]}}