{"id":20671,"date":"2024-10-13T13:03:59","date_gmt":"2024-10-13T16:03:59","guid":{"rendered":"https:\/\/www.rosarioalerta.com.ar\/site\/?p=20671"},"modified":"2024-10-13T13:04:01","modified_gmt":"2024-10-13T16:04:01","slug":"un-joven-de-22-anos-fallecio-tras-un-siniestro-vial","status":"publish","type":"post","link":"https:\/\/www.rosarioalerta.com.ar\/site\/archivos\/20671","title":{"rendered":"Un joven de 22 a\u00f1os, falleci\u00f3 tras un siniestro vial"},"content":{"rendered":"\n<p><\/p>\n\n\n\n<p>La colisi\u00f3n tuvo lugar en horas de la madrugada de este domingo<\/p>\n\n\n\n<p>Alrededor de las 5.30 de este domingo, personal de la <strong>Brigada Motorizada<\/strong> fue comisionado por la <strong>Central de Emergencias del 911<\/strong> a la intersecci\u00f3n de <strong>Av. Dante Alighieri y Bv. Oro\u00f1o<\/strong>, tras recibir informes sobre un siniestro vial. Al llegar al lugar, las autoridades encontraron un Renault Clio de color gris colisionado contra un \u00e1rbol y sobre la vereda.<\/p>\n\n\n\n<p>El conductor del autom\u00f3vil, identificado como <strong>Camilo Juan L de 22 a\u00f1os<\/strong>, oriundo de Rosario, fue r\u00e1pidamente asistido por el <strong>SIES<\/strong>, a cargo de la <strong>Dra. D\u00edaz<\/strong>. Lamentablemente, los profesionales de la salud, confirmaron que el joven ya se encontraba sin vida al momento de su llegada.<\/p>\n\n\n\n<p>Ante la gravedad de la situaci\u00f3n, intervino la <strong>Fiscal\u00eda de Homicidios Culposos,<\/strong> a cargo de la <strong>Dra. Piazza Iglesias<\/strong>, quien orden\u00f3 la presencia del <strong>Gabinete Criminal\u00edstico<\/strong> <strong>de la PDI<\/strong> para el relevo de la escena; peritos de mec\u00e1nica, planimetr\u00eda y fotograf\u00eda, as\u00ed como un coordinador del procedimiento.<\/p>\n\n\n\n<p>Adem\u00e1s, los <strong>Bomberos Zapadores<\/strong> intervinieron para abrir el veh\u00edculo y permitir el levantamiento del cad\u00e1ver por parte del m\u00e9dico policial. Tras realizar las diligencias correspondientes, trasladaron el cuerpo al <strong>Instituto<\/strong> <strong>M\u00e9dico Legal<\/strong> para la pr\u00e1ctica de la autopsia. Posteriormente, una gr\u00faa se hizo presente para trasladar el veh\u00edculo al dep\u00f3sito judicial, mientras que el procedimiento fue derivado a la <strong>Comisar\u00eda 5\u00ba<\/strong> debido a razones de jurisdicci\u00f3n.<\/p>\n\n\n\n<p><\/p>\n<div class=\"newspaper-x-tags\"><strong>TAGS: <\/strong><span><a href=\"https:\/\/www.rosarioalerta.com.ar\/site\/archivos\/tag\/noticias-de-rosario\" rel=\"tag\">Noticias de Rosario<\/a><\/span><a href=\"https:\/\/www.rosarioalerta.com.ar\/site\/archivos\/tag\/rosario\" rel=\"tag\">Rosario<\/a><\/span><a href=\"https:\/\/www.rosarioalerta.com.ar\/site\/archivos\/tag\/santa-fe\" rel=\"tag\">Santa Fe<\/a> <\/div>","protected":false},"excerpt":{"rendered":"<p>La colisi\u00f3n tuvo lugar en horas de la madrugada de este domingo Alrededor de las 5.30 de este domingo, personal de la Brigada Motorizada fue comisionado por la Central de Emergencias del 911 a la intersecci\u00f3n de Av. Dante Alighieri y Bv. Oro\u00f1o, tras recibir informes sobre un siniestro vial. Al llegar al lugar, las [&hellip;]<\/p>\n","protected":false},"author":2,"featured_media":20672,"comment_status":"open","ping_status":"open","sticky":false,"template":"","format":"standard","meta":{"_joinchat":[],"footnotes":""},"categories":[21,14,10],"tags":[95,55,65],"class_list":["post-20671","post","type-post","status-publish","format-standard","has-post-thumbnail","hentry","category-noticias","category-policiales","category-siniestros-viales","tag-noticias-de-rosario","tag-rosario","tag-santa-fe"],"_links":{"self":[{"href":"https:\/\/www.rosarioalerta.com.ar\/site\/wp-json\/wp\/v2\/posts\/20671","targetHints":{"allow":["GET"]}}],"collection":[{"href":"https:\/\/www.rosarioalerta.com.ar\/site\/wp-json\/wp\/v2\/posts"}],"about":[{"href":"https:\/\/www.rosarioalerta.com.ar\/site\/wp-json\/wp\/v2\/types\/post"}],"author":[{"embeddable":true,"href":"https:\/\/www.rosarioalerta.com.ar\/site\/wp-json\/wp\/v2\/users\/2"}],"replies":[{"embeddable":true,"href":"https:\/\/www.rosarioalerta.com.ar\/site\/wp-json\/wp\/v2\/comments?post=20671"}],"version-history":[{"count":1,"href":"https:\/\/www.rosarioalerta.com.ar\/site\/wp-json\/wp\/v2\/posts\/20671\/revisions"}],"predecessor-version":[{"id":20673,"href":"https:\/\/www.rosarioalerta.com.ar\/site\/wp-json\/wp\/v2\/posts\/20671\/revisions\/20673"}],"wp:featuredmedia":[{"embeddable":true,"href":"https:\/\/www.rosarioalerta.com.ar\/site\/wp-json\/wp\/v2\/media\/20672"}],"wp:attachment":[{"href":"https:\/\/www.rosarioalerta.com.ar\/site\/wp-json\/wp\/v2\/media?parent=20671"}],"wp:term":[{"taxonomy":"category","embeddable":true,"href":"https:\/\/www.rosarioalerta.com.ar\/site\/wp-json\/wp\/v2\/categories?post=20671"},{"taxonomy":"post_tag","embeddable":true,"href":"https:\/\/www.rosarioalerta.com.ar\/site\/wp-json\/wp\/v2\/tags?post=20671"}],"curies":[{"name":"wp","href":"https:\/\/api.w.org\/{rel}","templated":true}]}}