{"id":20642,"date":"2024-10-11T18:50:08","date_gmt":"2024-10-11T21:50:08","guid":{"rendered":"https:\/\/www.rosarioalerta.com.ar\/site\/?p=20642"},"modified":"2024-10-11T18:50:09","modified_gmt":"2024-10-11T21:50:09","slug":"imputaron-al-camionero-por-la-muerte-de-un-menor","status":"publish","type":"post","link":"https:\/\/www.rosarioalerta.com.ar\/site\/archivos\/20642","title":{"rendered":"Imputaron al camionero por la muerte de un menor"},"content":{"rendered":"\n<p><\/p>\n\n\n\n<p>La misma se dio en el contexto de un siniestro vial en la zona sur de Rosario<\/p>\n\n\n\n<p>El caso ha conmocionado a la comunidad tras la tr\u00e1gica p\u00e9rdida de <strong>Nathanael Giovanni Reynoso de 9 a\u00f1os<\/strong>, a causa de la imprudencia al volante, la justicia s\u00f3lo tom\u00f3 medidas preventivas contra el acusado.<\/p>\n\n\n\n<p>Este viernes por la tarde, se llev\u00f3 a cabo una audiencia imputativa en el <strong>Centro de Justicia Penal de Rosario<\/strong>, en la que se present\u00f3 <strong>Roberto Melgarejo,<\/strong> acusado de homicidio culposo por la conducci\u00f3n imprudente y antirreglamentaria de un cami\u00f3n Volkswagen. Este tr\u00e1gico suceso ocurri\u00f3 el 1 de octubre de 2024, cuando <strong>Nathanael Giovanni Reynoso<\/strong>, de solo 9 a\u00f1os, perdi\u00f3 la vida tras un siniestro vial en la intersecci\u00f3n de <strong>Ov. Lagos y Battle y Ordo\u00f1ez.<\/strong><\/p>\n\n\n\n<p>Durante la audiencia, el juez de <strong>Primera Instancia, Dr. Carlos Leiva<\/strong>, formaliz\u00f3 la imputaci\u00f3n y decidi\u00f3 establecer medidas de conducta en lugar de la prisi\u00f3n preventiva. <strong>Melgarejo<\/strong> deber\u00e1 cumplir con una serie de restricciones, que incluyen la prohibici\u00f3n de acercamiento y contacto con los testigos, la firma quincenal en la <strong>Oficina de Gesti\u00f3n Judicial<\/strong>, y la imposici\u00f3n de una cauci\u00f3n patrimonial. Adem\u00e1s, no podr\u00e1 salir de la ciudad de Rosario sin autorizaci\u00f3n judicial y se le inhabilit\u00f3 provisoriamente para conducir veh\u00edculos por un periodo de seis meses.<\/p>\n\n\n\n<p>La <strong>Fiscal<\/strong> <strong>Mariana Prunotto<\/strong> expuso que el incidente se produjo alrededor de las 12:40, cuando <strong>Melgarejo<\/strong>, al mando del cami\u00f3n, impact\u00f3 con su veh\u00edculo a una motocicleta que se trasladaba en la misma direcci\u00f3n, conducida por la madre de <strong>Nathanael<\/strong>. El impacto fue devastador: la motocicleta cay\u00f3 al asfalto, y el ni\u00f1o fue arrollado por el cami\u00f3n, que luego se dio a la fuga, abandonando la escena del accidente.<\/p>\n\n\n\n<p>A pesar de los esfuerzos por salvarlo, <strong>Nathanael<\/strong> fue trasladado al <strong>Hospital de Emergencias Dr. Clemente \u00c1lvarez<\/strong>, donde lamentablemente falleci\u00f3 ese mismo d\u00eda debido a las severas lesiones sufridas en el siniestro.<\/p>\n\n\n\n<p>Este caso ha generado una fuerte repercusi\u00f3n en la comunidad de Rosario, que exige justicia y mayor responsabilidad en las conductas al volante. La tr\u00e1gica muerte de un ni\u00f1o tan peque\u00f1o pone de relieve la necesidad de concienciar sobre la seguridad vial y las graves consecuencias que puede acarrear la imprudencia en la conducci\u00f3n.<\/p>\n\n\n\n<p>La familia de <strong>Nathanael<\/strong> y la sociedad esperan que la justicia act\u00fae con firmeza para evitar que situaciones similares se repitan en el futuro<\/p>\n<div class=\"newspaper-x-tags\"><strong>TAGS: <\/strong><span><a href=\"https:\/\/www.rosarioalerta.com.ar\/site\/archivos\/tag\/noticias-de-rosario\" rel=\"tag\">Noticias de Rosario<\/a><\/span><a href=\"https:\/\/www.rosarioalerta.com.ar\/site\/archivos\/tag\/rosario\" rel=\"tag\">Rosario<\/a><\/span><a href=\"https:\/\/www.rosarioalerta.com.ar\/site\/archivos\/tag\/santa-fe\" rel=\"tag\">Santa Fe<\/a> <\/div>","protected":false},"excerpt":{"rendered":"<p>La misma se dio en el contexto de un siniestro vial en la zona sur de Rosario El caso ha conmocionado a la comunidad tras la tr\u00e1gica p\u00e9rdida de Nathanael Giovanni Reynoso de 9 a\u00f1os, a causa de la imprudencia al volante, la justicia s\u00f3lo tom\u00f3 medidas preventivas contra el acusado. Este viernes por la [&hellip;]<\/p>\n","protected":false},"author":2,"featured_media":20643,"comment_status":"open","ping_status":"open","sticky":false,"template":"","format":"standard","meta":{"_joinchat":[],"footnotes":""},"categories":[6,13,21,10],"tags":[95,55,65],"class_list":["post-20642","post","type-post","status-publish","format-standard","has-post-thumbnail","hentry","category-homicidios","category-judiciales","category-noticias","category-siniestros-viales","tag-noticias-de-rosario","tag-rosario","tag-santa-fe"],"_links":{"self":[{"href":"https:\/\/www.rosarioalerta.com.ar\/site\/wp-json\/wp\/v2\/posts\/20642","targetHints":{"allow":["GET"]}}],"collection":[{"href":"https:\/\/www.rosarioalerta.com.ar\/site\/wp-json\/wp\/v2\/posts"}],"about":[{"href":"https:\/\/www.rosarioalerta.com.ar\/site\/wp-json\/wp\/v2\/types\/post"}],"author":[{"embeddable":true,"href":"https:\/\/www.rosarioalerta.com.ar\/site\/wp-json\/wp\/v2\/users\/2"}],"replies":[{"embeddable":true,"href":"https:\/\/www.rosarioalerta.com.ar\/site\/wp-json\/wp\/v2\/comments?post=20642"}],"version-history":[{"count":1,"href":"https:\/\/www.rosarioalerta.com.ar\/site\/wp-json\/wp\/v2\/posts\/20642\/revisions"}],"predecessor-version":[{"id":20644,"href":"https:\/\/www.rosarioalerta.com.ar\/site\/wp-json\/wp\/v2\/posts\/20642\/revisions\/20644"}],"wp:featuredmedia":[{"embeddable":true,"href":"https:\/\/www.rosarioalerta.com.ar\/site\/wp-json\/wp\/v2\/media\/20643"}],"wp:attachment":[{"href":"https:\/\/www.rosarioalerta.com.ar\/site\/wp-json\/wp\/v2\/media?parent=20642"}],"wp:term":[{"taxonomy":"category","embeddable":true,"href":"https:\/\/www.rosarioalerta.com.ar\/site\/wp-json\/wp\/v2\/categories?post=20642"},{"taxonomy":"post_tag","embeddable":true,"href":"https:\/\/www.rosarioalerta.com.ar\/site\/wp-json\/wp\/v2\/tags?post=20642"}],"curies":[{"name":"wp","href":"https:\/\/api.w.org\/{rel}","templated":true}]}}