{"id":20606,"date":"2024-10-09T18:10:10","date_gmt":"2024-10-09T21:10:10","guid":{"rendered":"https:\/\/www.rosarioalerta.com.ar\/site\/?p=20606"},"modified":"2024-10-09T18:10:23","modified_gmt":"2024-10-09T21:10:23","slug":"detienen-al-camionero-implicado-en-el-homicidio-de-natanael-reynoso","status":"publish","type":"post","link":"https:\/\/www.rosarioalerta.com.ar\/site\/archivos\/20606","title":{"rendered":"Detienen al camionero implicado en el homicidio de Natanael Reynoso"},"content":{"rendered":"\n<p><\/p>\n\n\n\n<p>La v\u00edctima era el ni\u00f1o atropellado en zona sur de Rosario, la semana pasada<\/p>\n\n\n\n<p>La <strong>Polic\u00eda de Investigaciones<\/strong> (PDI) detuvo al conductor del cami\u00f3n que se dio a la fuga tras el tr\u00e1gico accidente en el que muri\u00f3 <strong>Natanael de 9 a\u00f1os<\/strong>, en la zona sur de Rosario. El hombre qued\u00f3 a disposici\u00f3n de la <strong>Fiscal\u00eda<\/strong> tras ser identificado mediante c\u00e1maras de seguridad.<\/p>\n\n\n\n<p>Este mi\u00e9rcoles, la <strong>Polic\u00eda de Investigaciones<\/strong> (PDI) detuvo al <strong>camionero<\/strong> <strong>sospechoso de haber atropellado<\/strong> y <strong>causado la muerte de Natanael Giovani Reynoso<\/strong> el ni\u00f1o de 9 a\u00f1os que falleci\u00f3 el <strong>pasado 1 de octubre<\/strong> tras <strong>ser embestido en un tr\u00e1gico siniestro vial<\/strong> en la zona sur de Rosario. El conductor, que se hab\u00eda dado a la fuga, fue capturado por orden del <strong>Ministerio P\u00fablico de la Acusaci\u00f3n<\/strong> (MPA), tras una investigaci\u00f3n liderada por la fiscal <strong>Mariana Prunotto<\/strong>.<\/p>\n\n\n\n<p>El siniestro ocurri\u00f3 en la intersecci\u00f3n de <strong>Ov Lagos y Batlle y Ord\u00f3\u00f1ez<\/strong>, cuando <strong>Natanael<\/strong> viajaba como acompa\u00f1ante de su madre en una motocicleta. Un cami\u00f3n los atropell\u00f3 y se dio a la fuga, dejando al ni\u00f1o en grave estado. Fue trasladado de urgencia al <strong>Hospital de Emergencias Clemente \u00c1lvarez,<\/strong> pero falleci\u00f3 mientras recib\u00eda atenci\u00f3n m\u00e9dica.<\/p>\n\n\n\n<p>La <strong>PDI<\/strong>, bajo las directrices de la <strong>Unidad Fiscal de Siniestros Viales y Delitos Culposos<\/strong>, inici\u00f3 una investigaci\u00f3n para dar con el responsable. Gracias a las <strong>c\u00e1maras de seguridad de la zona<\/strong>, pudieron identificar al cami\u00f3n implicado, un veh\u00edculo de color amarillo con cabina blanca. Tras analizar las im\u00e1genes y realizar diversas pesquisas, las autoridades lograron identificar y detener a <strong>Roberto M<\/strong>, quien estaba a bordo de rodado como chofer, siendo este un empleado en una empresa en <strong>Baigorria al 1600<\/strong>, Rosario.<\/p>\n\n\n\n<p>El detenido fue trasladado a la sede de la <strong>PDI<\/strong>, donde se le realizaron los tr\u00e1mites de rigor y qued\u00f3 a disposici\u00f3n de la Fiscal\u00eda. El cami\u00f3n involucrado qued\u00f3 resguardado en el galp\u00f3n de la empresa para ser sometido a las pericias correspondientes, que buscar\u00e1n confirmar su participaci\u00f3n en el accidente.<\/p>\n\n\n\n<p>El caso de <strong>Natanael<\/strong> ha generado una gran conmoci\u00f3n en Rosario, ya que se trata de una tragedia que enluta a una familia y ha puesto en el foco los siniestros viales y la responsabilidad de los conductores. Con la detenci\u00f3n de Roberto M., la justicia busca esclarecer los hechos y determinar las responsabilidades correspondientes en la muerte del ni\u00f1o<\/p>\n<div class=\"newspaper-x-tags\"><strong>TAGS: <\/strong><span><a href=\"https:\/\/www.rosarioalerta.com.ar\/site\/archivos\/tag\/noticias-de-rosario\" rel=\"tag\">Noticias de Rosario<\/a><\/span><a href=\"https:\/\/www.rosarioalerta.com.ar\/site\/archivos\/tag\/rosario\" rel=\"tag\">Rosario<\/a><\/span><a href=\"https:\/\/www.rosarioalerta.com.ar\/site\/archivos\/tag\/santa-fe\" rel=\"tag\">Santa Fe<\/a> <\/div>","protected":false},"excerpt":{"rendered":"<p>La v\u00edctima era el ni\u00f1o atropellado en zona sur de Rosario, la semana pasada La Polic\u00eda de Investigaciones (PDI) detuvo al conductor del cami\u00f3n que se dio a la fuga tras el tr\u00e1gico accidente en el que muri\u00f3 Natanael de 9 a\u00f1os, en la zona sur de Rosario. El hombre qued\u00f3 a disposici\u00f3n de la [&hellip;]<\/p>\n","protected":false},"author":2,"featured_media":20607,"comment_status":"open","ping_status":"open","sticky":false,"template":"","format":"standard","meta":{"_joinchat":[],"footnotes":""},"categories":[12,11,6,21,14,10],"tags":[95,55,65],"class_list":["post-20606","post","type-post","status-publish","format-standard","has-post-thumbnail","hentry","category-allanamientos","category-detenidos","category-homicidios","category-noticias","category-policiales","category-siniestros-viales","tag-noticias-de-rosario","tag-rosario","tag-santa-fe"],"_links":{"self":[{"href":"https:\/\/www.rosarioalerta.com.ar\/site\/wp-json\/wp\/v2\/posts\/20606","targetHints":{"allow":["GET"]}}],"collection":[{"href":"https:\/\/www.rosarioalerta.com.ar\/site\/wp-json\/wp\/v2\/posts"}],"about":[{"href":"https:\/\/www.rosarioalerta.com.ar\/site\/wp-json\/wp\/v2\/types\/post"}],"author":[{"embeddable":true,"href":"https:\/\/www.rosarioalerta.com.ar\/site\/wp-json\/wp\/v2\/users\/2"}],"replies":[{"embeddable":true,"href":"https:\/\/www.rosarioalerta.com.ar\/site\/wp-json\/wp\/v2\/comments?post=20606"}],"version-history":[{"count":1,"href":"https:\/\/www.rosarioalerta.com.ar\/site\/wp-json\/wp\/v2\/posts\/20606\/revisions"}],"predecessor-version":[{"id":20608,"href":"https:\/\/www.rosarioalerta.com.ar\/site\/wp-json\/wp\/v2\/posts\/20606\/revisions\/20608"}],"wp:featuredmedia":[{"embeddable":true,"href":"https:\/\/www.rosarioalerta.com.ar\/site\/wp-json\/wp\/v2\/media\/20607"}],"wp:attachment":[{"href":"https:\/\/www.rosarioalerta.com.ar\/site\/wp-json\/wp\/v2\/media?parent=20606"}],"wp:term":[{"taxonomy":"category","embeddable":true,"href":"https:\/\/www.rosarioalerta.com.ar\/site\/wp-json\/wp\/v2\/categories?post=20606"},{"taxonomy":"post_tag","embeddable":true,"href":"https:\/\/www.rosarioalerta.com.ar\/site\/wp-json\/wp\/v2\/tags?post=20606"}],"curies":[{"name":"wp","href":"https:\/\/api.w.org\/{rel}","templated":true}]}}