{"id":205,"date":"2021-06-10T11:56:44","date_gmt":"2021-06-10T14:56:44","guid":{"rendered":"http:\/\/23.111.151.174\/~rosario6\/site\/?p=205"},"modified":"2021-06-10T11:56:45","modified_gmt":"2021-06-10T14:56:45","slug":"vecinos-denunciaron-el-abuso-sexual-de-una-mujer-y-vecinos-de-la-zona-se-manifestaron","status":"publish","type":"post","link":"https:\/\/www.rosarioalerta.com.ar\/site\/archivos\/205","title":{"rendered":"Vecinos denunciaron el abuso sexual de una mujer y vecinos de la zona se manifestaron"},"content":{"rendered":"\n<p>Alrededor de 40 personas se aglomeraron pidiendo justicia y la detenci\u00f3n de un hombre que momentos antes lo acusaran de violar a una joven<\/p>\n\n\n\n<p>En horas de la tarde de este domingo en inmediaciones de\u00a0<strong>La Paz al 1600<\/strong>, un bioqu\u00edmico termin\u00f3 acorralado en su casa, tras lograr escaparse una joven de 23 a\u00f1os. Esta se encontraba en ropa interior y a los gritos, ped\u00eda auxilio y tras ser asistida estaba en shock. Tras calmarse, manifest\u00f3 que, en horas de la ma\u00f1ana, caminaba en inmediaciones de\u00a0<strong>Avellaneda y Pellegrini<\/strong>, cuando la subieron a un autom\u00f3vil, en la que estaba este sujeto se\u00f1alado en el barrio.<\/p>\n\n\n\n<p>La v\u00edctima fue asistida por el&nbsp;<strong>SIES<\/strong>&nbsp;presentando excoriaciones y tomando parte el&nbsp;<strong>Dr. Mainero, de la Unidad Fiscal de Delitos Sexuales<\/strong>, quien dispuso la toma de testimonios, el traslado de la v\u00edctima al&nbsp;<strong>CAVDS<\/strong>, y dado que la v\u00edctima no dese\u00f3 instar penalmente contra el supuesto agresor, el Fiscal no decidi\u00f3 tomar medidas contra este.<\/p>\n\n\n\n<p>Sin embargo, los vecinos se concentraron frente a esta casa, pidiendo justicia y que sea detenido, si bien intervino otro fiscal, el&nbsp;<strong>Dr Vienna<\/strong>&nbsp;no encontr\u00f3 argumentos para que sea aprehendido, de esta forma y para calmar la ansiedad de los vecinos, el sub comisario de la&nbsp;<strong>seccional 5\u00ba<\/strong>&nbsp;ingres\u00f3 y lo traslad\u00f3 para ponerlo en resguardo, a la espera de una resoluci\u00f3n de la justicia o de una denuncia legal, para que pueda ser imputado<\/p>\n\n\n\n<p>\u2026<strong>mientras tanto<\/strong>\u2026 en&nbsp;<strong>Rueda al 3200<\/strong>&nbsp;un hombre de 70 a\u00f1os fue aprehendido, tras ser denunciado por su propia hija, la cual es menor, quien denunci\u00f3 que, tanto a ella como a su hermano los golpea y abusa sexualmente de los mismos. El&nbsp;<strong>Dr. Mainero<\/strong>, dispuso poner en resguardo a las v\u00edctimas en el&nbsp;<strong>CAVDS<\/strong>&nbsp;y que el abusador sea trasladado a la&nbsp;<strong>Comisar\u00eda 32\u00ba<\/strong><\/p>\n","protected":false},"excerpt":{"rendered":"<p>Alrededor de 40 personas se aglomeraron pidiendo justicia y la detenci\u00f3n de un hombre que momentos antes lo acusaran de violar a una joven En horas de la tarde de este domingo en inmediaciones de\u00a0La Paz al 1600, un bioqu\u00edmico termin\u00f3 acorralado en su casa, tras lograr escaparse una joven de 23 a\u00f1os. Esta se [&hellip;]<\/p>\n","protected":false},"author":1,"featured_media":206,"comment_status":"open","ping_status":"open","sticky":false,"template":"","format":"standard","meta":{"_joinchat":[],"footnotes":""},"categories":[7],"tags":[],"class_list":["post-205","post","type-post","status-publish","format-standard","has-post-thumbnail","hentry","category-delitos-sexuales"],"_links":{"self":[{"href":"https:\/\/www.rosarioalerta.com.ar\/site\/wp-json\/wp\/v2\/posts\/205","targetHints":{"allow":["GET"]}}],"collection":[{"href":"https:\/\/www.rosarioalerta.com.ar\/site\/wp-json\/wp\/v2\/posts"}],"about":[{"href":"https:\/\/www.rosarioalerta.com.ar\/site\/wp-json\/wp\/v2\/types\/post"}],"author":[{"embeddable":true,"href":"https:\/\/www.rosarioalerta.com.ar\/site\/wp-json\/wp\/v2\/users\/1"}],"replies":[{"embeddable":true,"href":"https:\/\/www.rosarioalerta.com.ar\/site\/wp-json\/wp\/v2\/comments?post=205"}],"version-history":[{"count":1,"href":"https:\/\/www.rosarioalerta.com.ar\/site\/wp-json\/wp\/v2\/posts\/205\/revisions"}],"predecessor-version":[{"id":207,"href":"https:\/\/www.rosarioalerta.com.ar\/site\/wp-json\/wp\/v2\/posts\/205\/revisions\/207"}],"wp:featuredmedia":[{"embeddable":true,"href":"https:\/\/www.rosarioalerta.com.ar\/site\/wp-json\/wp\/v2\/media\/206"}],"wp:attachment":[{"href":"https:\/\/www.rosarioalerta.com.ar\/site\/wp-json\/wp\/v2\/media?parent=205"}],"wp:term":[{"taxonomy":"category","embeddable":true,"href":"https:\/\/www.rosarioalerta.com.ar\/site\/wp-json\/wp\/v2\/categories?post=205"},{"taxonomy":"post_tag","embeddable":true,"href":"https:\/\/www.rosarioalerta.com.ar\/site\/wp-json\/wp\/v2\/tags?post=205"}],"curies":[{"name":"wp","href":"https:\/\/api.w.org\/{rel}","templated":true}]}}