{"id":20297,"date":"2024-09-27T07:41:41","date_gmt":"2024-09-27T10:41:41","guid":{"rendered":"https:\/\/www.rosarioalerta.com.ar\/site\/?p=20297"},"modified":"2024-09-27T07:41:42","modified_gmt":"2024-09-27T10:41:42","slug":"una-policia-fue-embestida-por-un-camion","status":"publish","type":"post","link":"https:\/\/www.rosarioalerta.com.ar\/site\/archivos\/20297","title":{"rendered":"Una polic\u00eda fue embestida por un cami\u00f3n"},"content":{"rendered":"\n<p><\/p>\n\n\n\n<p>Estaba realizando desv\u00edos tras un piquete y termin\u00f3 colisionada<\/p>\n\n\n\n<p>Una empleada policial fue atropellada por un cami\u00f3n mientras participaba en un operativo por un corte vehicular de tr\u00e1nsito, donde un grupo de personas realizaban quema de cubiertas en <strong>Circunvalaci\u00f3n y Uriburu<\/strong>. La v\u00edctima fue trasladada de urgencia al <strong>Hospital de Emergencias Clemente \u00c1lvarez (HECA)<\/strong> con un diagn\u00f3stico de traumatismo enc\u00e9falo craneal y un corte en la ceja izquierda.<\/p>\n\n\n\n<p>Un operativo policial en la intersecci\u00f3n de <strong>Circunvalaci\u00f3n y Uriburu<\/strong>, en Rosario, termin\u00f3 con un grave accidente que involucr\u00f3 a una empleada de la Unidad Regional II, quien fue atropellada por un cami\u00f3n mientras cumpl\u00eda sus funciones. El hecho ocurri\u00f3 este jueves por la noche, cuando las fuerzas de seguridad se dirig\u00edan al lugar a ra\u00edz de un corte vehicular con quema de cubiertas, que hab\u00eda sido reportado en esa zona.<\/p>\n\n\n\n<p>Seg\u00fan fuentes policiales, el operativo comenz\u00f3 a partir de un piquete en <strong>Circunvalaci\u00f3n y Avellaneda<\/strong>, donde varios manifestantes encendieron neum\u00e1ticos, generando complicaciones en el tr\u00e1nsito. Ante la posibilidad de que se estuvieran cometiendo il\u00edcitos en el \u00e1rea, se enviaron varias unidades policiales al lugar, incluyendo al <strong>subinspector Bord\u00f3n y la subinspectora Elsa Patricia Godoy.<\/strong><\/p>\n\n\n\n<p>Al llegar al sitio del conflicto, mientras los efectivos intentaban descender del m\u00f3vil oficial para controlar la situaci\u00f3n, un cami\u00f3n con acoplado impact\u00f3 en la parte trasera del veh\u00edculo. El fuerte golpe provoc\u00f3 que la subinspectora <strong>Godoy<\/strong> saliera despedida hacia la banquina, sufriendo un fuerte golpe en la cabeza.<\/p>\n\n\n\n<p>Inmediatamente, sus compa\u00f1eros decidieron trasladarla al <strong>Hospital de Emergencias Clemente \u00c1lvarez (HECA)<\/strong>. Al llegar al hospital, la oficial fue asistida y diagnosticada con un traumatismo enc\u00e9falo craneal con p\u00e9rdida de conocimiento recuperada, adem\u00e1s de un corte superficial sobre la ceja izquierda. La oficial pas\u00f3 a estudios m\u00e9dicos para determinar la gravedad de sus lesiones.<\/p>\n\n\n\n<p>El subjefe de la Agrupaci\u00f3n Cuerpos, junto a varias unidades de distintas agrupaciones, se present\u00f3 en el lugar del accidente para coordinar el operativo y controlar la situaci\u00f3n en la zona, mientras se investigan las causas del impacto que dej\u00f3 a la oficial herida<\/p>\n<div class=\"newspaper-x-tags\"><strong>TAGS: <\/strong><span><a href=\"https:\/\/www.rosarioalerta.com.ar\/site\/archivos\/tag\/noticias-de-rosario\" rel=\"tag\">Noticias de Rosario<\/a><\/span><a href=\"https:\/\/www.rosarioalerta.com.ar\/site\/archivos\/tag\/rosario\" rel=\"tag\">Rosario<\/a><\/span><a href=\"https:\/\/www.rosarioalerta.com.ar\/site\/archivos\/tag\/santa-fe\" rel=\"tag\">Santa Fe<\/a> <\/div>","protected":false},"excerpt":{"rendered":"<p>Estaba realizando desv\u00edos tras un piquete y termin\u00f3 colisionada Una empleada policial fue atropellada por un cami\u00f3n mientras participaba en un operativo por un corte vehicular de tr\u00e1nsito, donde un grupo de personas realizaban quema de cubiertas en Circunvalaci\u00f3n y Uriburu. La v\u00edctima fue trasladada de urgencia al Hospital de Emergencias Clemente \u00c1lvarez (HECA) con [&hellip;]<\/p>\n","protected":false},"author":2,"featured_media":20298,"comment_status":"open","ping_status":"open","sticky":false,"template":"","format":"standard","meta":{"_joinchat":[],"footnotes":""},"categories":[11,17,21,14,19,10],"tags":[95,55,65],"class_list":["post-20297","post","type-post","status-publish","format-standard","has-post-thumbnail","hentry","category-detenidos","category-heridos","category-noticias","category-policiales","category-seguridad-vial","category-siniestros-viales","tag-noticias-de-rosario","tag-rosario","tag-santa-fe"],"_links":{"self":[{"href":"https:\/\/www.rosarioalerta.com.ar\/site\/wp-json\/wp\/v2\/posts\/20297","targetHints":{"allow":["GET"]}}],"collection":[{"href":"https:\/\/www.rosarioalerta.com.ar\/site\/wp-json\/wp\/v2\/posts"}],"about":[{"href":"https:\/\/www.rosarioalerta.com.ar\/site\/wp-json\/wp\/v2\/types\/post"}],"author":[{"embeddable":true,"href":"https:\/\/www.rosarioalerta.com.ar\/site\/wp-json\/wp\/v2\/users\/2"}],"replies":[{"embeddable":true,"href":"https:\/\/www.rosarioalerta.com.ar\/site\/wp-json\/wp\/v2\/comments?post=20297"}],"version-history":[{"count":1,"href":"https:\/\/www.rosarioalerta.com.ar\/site\/wp-json\/wp\/v2\/posts\/20297\/revisions"}],"predecessor-version":[{"id":20299,"href":"https:\/\/www.rosarioalerta.com.ar\/site\/wp-json\/wp\/v2\/posts\/20297\/revisions\/20299"}],"wp:featuredmedia":[{"embeddable":true,"href":"https:\/\/www.rosarioalerta.com.ar\/site\/wp-json\/wp\/v2\/media\/20298"}],"wp:attachment":[{"href":"https:\/\/www.rosarioalerta.com.ar\/site\/wp-json\/wp\/v2\/media?parent=20297"}],"wp:term":[{"taxonomy":"category","embeddable":true,"href":"https:\/\/www.rosarioalerta.com.ar\/site\/wp-json\/wp\/v2\/categories?post=20297"},{"taxonomy":"post_tag","embeddable":true,"href":"https:\/\/www.rosarioalerta.com.ar\/site\/wp-json\/wp\/v2\/tags?post=20297"}],"curies":[{"name":"wp","href":"https:\/\/api.w.org\/{rel}","templated":true}]}}