{"id":19814,"date":"2024-09-10T06:55:33","date_gmt":"2024-09-10T09:55:33","guid":{"rendered":"https:\/\/www.rosarioalerta.com.ar\/site\/?p=19814"},"modified":"2024-09-10T06:55:45","modified_gmt":"2024-09-10T09:55:45","slug":"incrusto-su-automovil-contra-un-banco-en-el-centro","status":"publish","type":"post","link":"https:\/\/www.rosarioalerta.com.ar\/site\/archivos\/19814","title":{"rendered":"Incrust\u00f3 su autom\u00f3vil contra un banco en el centro"},"content":{"rendered":"\n<p><\/p>\n\n\n\n<p>Un hombre fue detenido en la noche de ayer luego de causar da\u00f1os en una sucursal del Banco Naci\u00f3n<\/p>\n\n\n\n<p>La misma est\u00e1 ubicada en la intersecci\u00f3n de las <strong>peatonales C\u00f3rdoba y San Mart\u00edn.<\/strong> El individuo, identificado como <strong>Antonio Am\u00e9rico P de 30 a\u00f1os<\/strong>, portaba un cuchillo y fue reducido por personal policial<\/p>\n\n\n\n<p>El incidente gener\u00f3 conmoci\u00f3n entre los transe\u00fantes, quienes alertaron a los efectivos policiales sobre lo ocurrido. El detenido fue trasladado a la <strong>Comisar\u00eda 2\u00ba<\/strong> y puesto a disposici\u00f3n de la Justicia. Un extra\u00f1o episodio conmocion\u00f3 al microcentro de la ciudad en la noche de ayer. Alrededor de las 20:30, personal de la Brigada Urbana se encontraba realizando tareas de patrullaje en la zona de la <strong>peatonal C\u00f3rdoba<\/strong> cuando fueron alertados por transe\u00fantes sobre un incidente en una sucursal del <strong>Banco Naci\u00f3n<\/strong> ubicada en la intersecci\u00f3n con calle <strong>San Mart\u00edn<\/strong>.<\/p>\n\n\n\n<p>Al arribar al lugar, los efectivos policiales observaron a un hombre, identificado como <strong>Antonio Am\u00e9rico P de 30 a\u00f1os<\/strong>, portando un cuchillo. El individuo hab\u00eda causado da\u00f1os en una de las paredes del banco y se encontraba en actitud agresiva.<\/p>\n\n\n\n<p>Ante esta situaci\u00f3n, los polic\u00edas procedieron a reducir al hombre, quien no opuso resistencia. Una vez asegurado, le incautaron un cuchillo y lo trasladaron a la seccional.<\/p>\n\n\n\n<p>Seg\u00fan testigos presenciales, el hombre habr\u00eda ingresado al banco de manera violenta y comenz\u00f3 a causar destrozos. Los motivos que lo llevaron a actuar de esta manera a\u00fan se desconocen y est\u00e1n siendo investigados por las autoridades. Aunque por redes sociales trascendi\u00f3 que en horas de la ma\u00f1ana habr\u00eda estado dentro de la entidad realizando un tr\u00e1mite, el cual le habr\u00eda sido negado<\/p>\n\n\n\n<p>La polic\u00eda cient\u00edfica se hizo presente en el lugar para realizar las pericias correspondientes y recolectar las pruebas necesarias para esclarecer el hecho. Adem\u00e1s, se entrevist\u00f3 a varios testigos para obtener m\u00e1s detalles sobre lo ocurrido.<\/p>\n<div class=\"newspaper-x-tags\"><strong>TAGS: <\/strong><span><a href=\"https:\/\/www.rosarioalerta.com.ar\/site\/archivos\/tag\/noticias-de-rosario\" rel=\"tag\">Noticias de Rosario<\/a><\/span><a href=\"https:\/\/www.rosarioalerta.com.ar\/site\/archivos\/tag\/rosario\" rel=\"tag\">Rosario<\/a><\/span><a href=\"https:\/\/www.rosarioalerta.com.ar\/site\/archivos\/tag\/santa-fe\" rel=\"tag\">Santa Fe<\/a> <\/div>","protected":false},"excerpt":{"rendered":"<p>Un hombre fue detenido en la noche de ayer luego de causar da\u00f1os en una sucursal del Banco Naci\u00f3n La misma est\u00e1 ubicada en la intersecci\u00f3n de las peatonales C\u00f3rdoba y San Mart\u00edn. El individuo, identificado como Antonio Am\u00e9rico P de 30 a\u00f1os, portaba un cuchillo y fue reducido por personal policial El incidente gener\u00f3 [&hellip;]<\/p>\n","protected":false},"author":2,"featured_media":19815,"comment_status":"open","ping_status":"open","sticky":false,"template":"","format":"standard","meta":{"_joinchat":[],"footnotes":""},"categories":[11,21,14,10],"tags":[95,55,65],"class_list":["post-19814","post","type-post","status-publish","format-standard","has-post-thumbnail","hentry","category-detenidos","category-noticias","category-policiales","category-siniestros-viales","tag-noticias-de-rosario","tag-rosario","tag-santa-fe"],"_links":{"self":[{"href":"https:\/\/www.rosarioalerta.com.ar\/site\/wp-json\/wp\/v2\/posts\/19814","targetHints":{"allow":["GET"]}}],"collection":[{"href":"https:\/\/www.rosarioalerta.com.ar\/site\/wp-json\/wp\/v2\/posts"}],"about":[{"href":"https:\/\/www.rosarioalerta.com.ar\/site\/wp-json\/wp\/v2\/types\/post"}],"author":[{"embeddable":true,"href":"https:\/\/www.rosarioalerta.com.ar\/site\/wp-json\/wp\/v2\/users\/2"}],"replies":[{"embeddable":true,"href":"https:\/\/www.rosarioalerta.com.ar\/site\/wp-json\/wp\/v2\/comments?post=19814"}],"version-history":[{"count":1,"href":"https:\/\/www.rosarioalerta.com.ar\/site\/wp-json\/wp\/v2\/posts\/19814\/revisions"}],"predecessor-version":[{"id":19816,"href":"https:\/\/www.rosarioalerta.com.ar\/site\/wp-json\/wp\/v2\/posts\/19814\/revisions\/19816"}],"wp:featuredmedia":[{"embeddable":true,"href":"https:\/\/www.rosarioalerta.com.ar\/site\/wp-json\/wp\/v2\/media\/19815"}],"wp:attachment":[{"href":"https:\/\/www.rosarioalerta.com.ar\/site\/wp-json\/wp\/v2\/media?parent=19814"}],"wp:term":[{"taxonomy":"category","embeddable":true,"href":"https:\/\/www.rosarioalerta.com.ar\/site\/wp-json\/wp\/v2\/categories?post=19814"},{"taxonomy":"post_tag","embeddable":true,"href":"https:\/\/www.rosarioalerta.com.ar\/site\/wp-json\/wp\/v2\/tags?post=19814"}],"curies":[{"name":"wp","href":"https:\/\/api.w.org\/{rel}","templated":true}]}}