{"id":19543,"date":"2024-08-29T12:13:04","date_gmt":"2024-08-29T15:13:04","guid":{"rendered":"https:\/\/www.rosarioalerta.com.ar\/site\/?p=19543"},"modified":"2024-08-29T12:13:17","modified_gmt":"2024-08-29T15:13:17","slug":"santa-lucia-otros-dos-puestos-de-drogas-derribados","status":"publish","type":"post","link":"https:\/\/www.rosarioalerta.com.ar\/site\/archivos\/19543","title":{"rendered":"Santa Luc\u00eda: Otros dos puestos de drogas derribados"},"content":{"rendered":"\n<p><\/p>\n\n\n\n<p>Se trata de lugares relacionados con los hechos tr\u00e1gicos ocurridos en el mes de marzo<\/p>\n\n\n\n<p>El secretario de Seguridad P\u00fablica del Ministerio de Justicia y Seguridad provincial, Omar Pereira, y los fiscales del Ministerio P\u00fablico de la Acusaci\u00f3n, Patricio Saldutti, Adri\u00e1n Spelta y Franco Carbone, brindaron detalles este jueves sobre el operativo de inutilizaci\u00f3n de dos puntos de venta de estupefacientes en barrio Santa Luc\u00eda, en la zona oeste de la ciudad de Rosario.<\/p>\n\n\n\n<p>Uno de los puntos se ubica en <strong>Provincia de Misiones al 2100<\/strong>, altura Circunvalaci\u00f3n. Tambi\u00e9n se inhabilit\u00f3 otro punto de venta de estupefacientes en la <strong>misma calle a la altura del 2200<\/strong>. En este caso, no se trata de un derribo, sino de un tapiado e inutilizaci\u00f3n del lugar debido a que es un espacio clave para el trabajo de la justicia.<\/p>\n\n\n\n<p>En declaraciones a la prensa, Pereira explic\u00f3 que estos puntos \u201crepresentan los dos lugares m\u00e1s simb\u00f3licos que tienen que ver con cuestiones dolorosas\u201d que se vivieron en la ciudad de Rosario en el mes de marzo, \u201cporque en estos dos domicilios es donde se concretaron todas las medidas preparatorias para la ejecuci\u00f3n del terrible asesinato del joven en la estaci\u00f3n de servicios\u201d. \u201cAc\u00e1 se lo trajo al autor, al menor, ac\u00e1 se lo provey\u00f3 de la nota, del arma, etc\u00e9tera, o sea que estamos hablando de un lugar fundamental para el trabajo de la justicia hoy\u201d, detall\u00f3.<\/p>\n\n\n\n<p><strong>Derribos<\/strong><\/p>\n\n\n\n<p>Luego, el funcionario record\u00f3 que desde el inicio de la gesti\u00f3n se concretaron 27 operativos de este tipo, entre derribos y tapiado, y agreg\u00f3: \u201cLa cantidad de puntos de venta relevados en la ciudad son much\u00edsimos m\u00e1s, seguimos trabajando apoyados en una herramienta que es la Ley de Microtr\u00e1fico con el Ministerio P\u00fablico de la Acusaci\u00f3n\u201d.<\/p>\n\n\n\n<p>En el mismo sentido, el fiscal Spelta agreg\u00f3: \u201c<strong>A 200 metros de ac\u00e1, fue donde el menor de identidad reservada, que realiz\u00f3 los ataques, sali\u00f3 con el arma que le fue prove\u00edda desde este domicilio, por parte de la esposa de Maturano, a cometer el hecho\u201d<\/strong>.<\/p>\n\n\n\n<p>A continuaci\u00f3n, destac\u00f3: \u201cDespu\u00e9s del hecho, se produjeron los primeros allanamientos. Se allan\u00f3 este domicilio, y <strong>en este lugar se encontraba la esposa de Maturano, de apellido Garc\u00eda<\/strong>, pero hasta ese momento nosotros no ten\u00edamos la vinculaci\u00f3n, porque no ten\u00edamos la declaraci\u00f3n del menor que dijo que fue ella quien le provey\u00f3 la nota intimidatoria y el arma en el domicilio\u201d.<\/p>\n\n\n\n<p>Luego explic\u00f3 que hoy <strong>Garc\u00eda est\u00e1 detenida y que Maturano<\/strong> <strong>sigue pr\u00f3fugo y contin\u00faa vigente la recompensa para quien aporte datos<\/strong>. Finalmente, precis\u00f3: \u201cLa investigaci\u00f3n est\u00e1 encaminada; no ser\u00eda apropiado dar alg\u00fan dato preciso, pero estamos muy cerca de dar con \u00e9l\u201d.<\/p>\n\n\n\n<p>Cabe recordar que, en el marco de la <strong>Ley de Microtr\u00e1fico<\/strong>, los operativos de derribo e inutilizaci\u00f3n de inmuebles que funcionaban como puestos de venta de estupefacientes se desarrollan desde principio de a\u00f1o, en un trabajo coordinado entre el Ministerio de Justicia y Seguridad de Santa Fe, el Ministerio P\u00fablico de la Acusaci\u00f3n, la Justicia Provincial, la Polic\u00eda Provincial y con la colaboraci\u00f3n de los gobiernos locales<\/p>\n<div class=\"newspaper-x-tags\"><strong>TAGS: <\/strong><span><a href=\"https:\/\/www.rosarioalerta.com.ar\/site\/archivos\/tag\/noticias-de-rosario\" rel=\"tag\">Noticias de Rosario<\/a><\/span><a href=\"https:\/\/www.rosarioalerta.com.ar\/site\/archivos\/tag\/rosario\" rel=\"tag\">Rosario<\/a><\/span><a href=\"https:\/\/www.rosarioalerta.com.ar\/site\/archivos\/tag\/santa-fe\" rel=\"tag\">Santa Fe<\/a> <\/div>","protected":false},"excerpt":{"rendered":"<p>Se trata de lugares relacionados con los hechos tr\u00e1gicos ocurridos en el mes de marzo El secretario de Seguridad P\u00fablica del Ministerio de Justicia y Seguridad provincial, Omar Pereira, y los fiscales del Ministerio P\u00fablico de la Acusaci\u00f3n, Patricio Saldutti, Adri\u00e1n Spelta y Franco Carbone, brindaron detalles este jueves sobre el operativo de inutilizaci\u00f3n de [&hellip;]<\/p>\n","protected":false},"author":2,"featured_media":19544,"comment_status":"open","ping_status":"open","sticky":false,"template":"","format":"standard","meta":{"_joinchat":[],"footnotes":""},"categories":[6,18,13,494,21,14],"tags":[95,55,65],"class_list":["post-19543","post","type-post","status-publish","format-standard","has-post-thumbnail","hentry","category-homicidios","category-institucional","category-judiciales","category-microtrafico","category-noticias","category-policiales","tag-noticias-de-rosario","tag-rosario","tag-santa-fe"],"_links":{"self":[{"href":"https:\/\/www.rosarioalerta.com.ar\/site\/wp-json\/wp\/v2\/posts\/19543","targetHints":{"allow":["GET"]}}],"collection":[{"href":"https:\/\/www.rosarioalerta.com.ar\/site\/wp-json\/wp\/v2\/posts"}],"about":[{"href":"https:\/\/www.rosarioalerta.com.ar\/site\/wp-json\/wp\/v2\/types\/post"}],"author":[{"embeddable":true,"href":"https:\/\/www.rosarioalerta.com.ar\/site\/wp-json\/wp\/v2\/users\/2"}],"replies":[{"embeddable":true,"href":"https:\/\/www.rosarioalerta.com.ar\/site\/wp-json\/wp\/v2\/comments?post=19543"}],"version-history":[{"count":1,"href":"https:\/\/www.rosarioalerta.com.ar\/site\/wp-json\/wp\/v2\/posts\/19543\/revisions"}],"predecessor-version":[{"id":19545,"href":"https:\/\/www.rosarioalerta.com.ar\/site\/wp-json\/wp\/v2\/posts\/19543\/revisions\/19545"}],"wp:featuredmedia":[{"embeddable":true,"href":"https:\/\/www.rosarioalerta.com.ar\/site\/wp-json\/wp\/v2\/media\/19544"}],"wp:attachment":[{"href":"https:\/\/www.rosarioalerta.com.ar\/site\/wp-json\/wp\/v2\/media?parent=19543"}],"wp:term":[{"taxonomy":"category","embeddable":true,"href":"https:\/\/www.rosarioalerta.com.ar\/site\/wp-json\/wp\/v2\/categories?post=19543"},{"taxonomy":"post_tag","embeddable":true,"href":"https:\/\/www.rosarioalerta.com.ar\/site\/wp-json\/wp\/v2\/tags?post=19543"}],"curies":[{"name":"wp","href":"https:\/\/api.w.org\/{rel}","templated":true}]}}