{"id":19288,"date":"2024-08-20T07:05:18","date_gmt":"2024-08-20T10:05:18","guid":{"rendered":"https:\/\/www.rosarioalerta.com.ar\/site\/?p=19288"},"modified":"2024-08-20T07:05:26","modified_gmt":"2024-08-20T10:05:26","slug":"rosario-avanza-en-la-proteccion-de-las-mujeres-con-la-senal-de-alerta-senal-de-ayuda","status":"publish","type":"post","link":"https:\/\/www.rosarioalerta.com.ar\/site\/archivos\/19288","title":{"rendered":"Rosario avanza en la protecci\u00f3n de las mujeres con la se\u00f1al de alerta &#8220;Se\u00f1al de Ayuda&#8221;"},"content":{"rendered":"\n<p><\/p>\n\n\n\n<p>La Comisi\u00f3n de Feminismos, Disidencias y Derechos Humanos del Concejo Municipal de Rosario dio un importante paso en la lucha contra la violencia de g\u00e9nero<\/p>\n\n\n\n<p>Fue tras aprobar un proyecto que crea la &#8220;Se\u00f1al de Ayuda&#8221;, un sistema de alerta no verbal destinado a v\u00edctimas de violencia en espacios p\u00fablicos y privados.<\/p>\n\n\n\n<p>La iniciativa, presentada por la concejala Marisol Bracco, busca brindar una herramienta r\u00e1pida y discreta a las mujeres que se encuentran en situaciones de riesgo. La se\u00f1al, a\u00fan por definir, permitir\u00e1 a las v\u00edctimas solicitar ayuda sin necesidad de hablar, lo cual es fundamental en situaciones donde la comunicaci\u00f3n verbal puede resultar peligrosa.<\/p>\n\n\n\n<p>Adem\u00e1s de la creaci\u00f3n de la se\u00f1al, el proyecto establece la participaci\u00f3n de organizaciones especializadas en violencia de g\u00e9nero en el dise\u00f1o del logotipo y eslogan de la campa\u00f1a. De esta manera, se busca garantizar que la iniciativa sea efectiva y responda a las necesidades reales de las mujeres v\u00edctimas de violencia.<\/p>\n\n\n\n<p class=\"has-text-align-center\"><strong>Otras iniciativas aprobadas<\/strong><\/p>\n\n\n\n<p>La comisi\u00f3n tambi\u00e9n avanz\u00f3 en otros proyectos relevantes, como la solicitud de un informe sobre la implementaci\u00f3n del &#8220;Curso de Formaci\u00f3n en Educaci\u00f3n en Puericultura y Crianza&#8221;, aprobado en 2020. Este curso busca capacitar a personal de salud municipal en temas relacionados con la crianza y el cuidado de los ni\u00f1os, con el objetivo de promover pr\u00e1cticas saludables y prevenir la violencia infantil.<\/p>\n\n\n\n<p>Asimismo, se aprob\u00f3 la creaci\u00f3n del programa municipal &#8220;Espacio Amigable con las Personas Mayores&#8221;, que busca brindar capacitaciones y asistencia a comercios y entidades que se comprometan a brindar un trato digno y respetuoso a las personas mayores.<\/p>\n\n\n\n<p class=\"has-text-align-center\"><strong>Preocupaci\u00f3n por la derogaci\u00f3n de la Conadi<\/strong><\/p>\n\n\n\n<p>Por otro lado, la comisi\u00f3n expres\u00f3 su preocupaci\u00f3n por la reciente derogaci\u00f3n del decreto que cre\u00f3 la Comisi\u00f3n Nacional por el Derecho a la Identidad (Conadi). Las concejalas consideraron que esta medida representa un retroceso en materia de derechos humanos y afecta el derecho a la identidad de miles de personas.<\/p>\n\n\n\n<p class=\"has-text-align-center\"><strong>Pr\u00f3ximos pasos<\/strong><\/p>\n\n\n\n<p>En las pr\u00f3ximas semanas, la comisi\u00f3n continuar\u00e1 trabajando en diversos proyectos relacionados con la igualdad de g\u00e9nero, los derechos de las mujeres y la protecci\u00f3n de los grupos vulnerables. Adem\u00e1s, se llevar\u00e1n a cabo reuniones con organizaciones sociales y especialistas en la materia para avanzar en la implementaci\u00f3n de las iniciativas aprobadas.<\/p>\n\n\n\n<p>Con estas acciones, el Concejo Municipal de Rosario reafirma su compromiso de construir una ciudad m\u00e1s justa e igualitaria, donde todas las personas puedan vivir libres de violencia y discriminaci\u00f3n.<\/p>\n<div class=\"newspaper-x-tags\"><strong>TAGS: <\/strong><span><a href=\"https:\/\/www.rosarioalerta.com.ar\/site\/archivos\/tag\/noticias-de-rosario\" rel=\"tag\">Noticias de Rosario<\/a><\/span><a href=\"https:\/\/www.rosarioalerta.com.ar\/site\/archivos\/tag\/rosario\" rel=\"tag\">Rosario<\/a><\/span><a href=\"https:\/\/www.rosarioalerta.com.ar\/site\/archivos\/tag\/santa-fe\" rel=\"tag\">Santa Fe<\/a> <\/div>","protected":false},"excerpt":{"rendered":"<p>La Comisi\u00f3n de Feminismos, Disidencias y Derechos Humanos del Concejo Municipal de Rosario dio un importante paso en la lucha contra la violencia de g\u00e9nero Fue tras aprobar un proyecto que crea la &#8220;Se\u00f1al de Ayuda&#8221;, un sistema de alerta no verbal destinado a v\u00edctimas de violencia en espacios p\u00fablicos y privados. La iniciativa, presentada [&hellip;]<\/p>\n","protected":false},"author":2,"featured_media":19289,"comment_status":"open","ping_status":"open","sticky":false,"template":"","format":"standard","meta":{"_joinchat":[],"footnotes":""},"categories":[18,21,285],"tags":[95,55,65],"class_list":["post-19288","post","type-post","status-publish","format-standard","has-post-thumbnail","hentry","category-institucional","category-noticias","category-opinion","tag-noticias-de-rosario","tag-rosario","tag-santa-fe"],"_links":{"self":[{"href":"https:\/\/www.rosarioalerta.com.ar\/site\/wp-json\/wp\/v2\/posts\/19288","targetHints":{"allow":["GET"]}}],"collection":[{"href":"https:\/\/www.rosarioalerta.com.ar\/site\/wp-json\/wp\/v2\/posts"}],"about":[{"href":"https:\/\/www.rosarioalerta.com.ar\/site\/wp-json\/wp\/v2\/types\/post"}],"author":[{"embeddable":true,"href":"https:\/\/www.rosarioalerta.com.ar\/site\/wp-json\/wp\/v2\/users\/2"}],"replies":[{"embeddable":true,"href":"https:\/\/www.rosarioalerta.com.ar\/site\/wp-json\/wp\/v2\/comments?post=19288"}],"version-history":[{"count":1,"href":"https:\/\/www.rosarioalerta.com.ar\/site\/wp-json\/wp\/v2\/posts\/19288\/revisions"}],"predecessor-version":[{"id":19290,"href":"https:\/\/www.rosarioalerta.com.ar\/site\/wp-json\/wp\/v2\/posts\/19288\/revisions\/19290"}],"wp:featuredmedia":[{"embeddable":true,"href":"https:\/\/www.rosarioalerta.com.ar\/site\/wp-json\/wp\/v2\/media\/19289"}],"wp:attachment":[{"href":"https:\/\/www.rosarioalerta.com.ar\/site\/wp-json\/wp\/v2\/media?parent=19288"}],"wp:term":[{"taxonomy":"category","embeddable":true,"href":"https:\/\/www.rosarioalerta.com.ar\/site\/wp-json\/wp\/v2\/categories?post=19288"},{"taxonomy":"post_tag","embeddable":true,"href":"https:\/\/www.rosarioalerta.com.ar\/site\/wp-json\/wp\/v2\/tags?post=19288"}],"curies":[{"name":"wp","href":"https:\/\/api.w.org\/{rel}","templated":true}]}}