{"id":19232,"date":"2024-08-17T09:43:53","date_gmt":"2024-08-17T12:43:53","guid":{"rendered":"https:\/\/www.rosarioalerta.com.ar\/site\/?p=19232"},"modified":"2024-08-17T09:43:55","modified_gmt":"2024-08-17T12:43:55","slug":"en-tan-solo-ocho-meses-entregaron-370-patrulleros-0-km-en-el-departamento-rosario","status":"publish","type":"post","link":"https:\/\/www.rosarioalerta.com.ar\/site\/archivos\/19232","title":{"rendered":"En tan solo ocho meses entregaron 370 patrulleros 0 km en el departamento Rosario"},"content":{"rendered":"\n<p><\/p>\n\n\n\n<p>En este corto lapso la provincia entreg\u00f3 m\u00e1s m\u00f3viles que en los cuatro a\u00f1os de gesti\u00f3n de Omar Perotti<\/p>\n\n\n\n<p>&nbsp;\u201cEstamos dando los primeros pasos para reconstituir el sistema de policiamiento preventivo en Rosario\u201d, dijo el ministro de Justicia y Seguridad, Pablo Cococcioni, al entregar 150 nuevas unidades a la Unidad Regional II.<\/p>\n\n\n\n<p>El ministro de Justicia y Seguridad provincial, Pablo Cococcioni, encabez\u00f3 este viernes en Rosario la presentaci\u00f3n de 150 nuevos patrulleros, que forman parte de los 840 adquiridos por el Gobierno de Santa Fe por licitaci\u00f3n p\u00fablica, y que se suman a los 100 que se compraron de forma directa por la Ley de Emergencia en Seguridad P\u00fablica.<\/p>\n\n\n\n<p>En ese marco, Cococcioni detall\u00f3 que \u201choy estamos entregando 150 nuevos patrulleros para la Unidad Regional 2, departamento Rosario. Con esta entrega, ya llevamos entregados en este departamento 370 patrulleros. Estos m\u00f3viles van a engrosar el sistema de patrullaje de la ciudad de Rosario, van a estar disponibles para la Atenci\u00f3n Ciudadana del 911, van a realizar operaciones en calle y tareas proactivas por parte de la actividad policial\u201d.<\/p>\n\n\n\n<p>Seguidamente, el ministro puntualiz\u00f3 que \u201choy estamos teniendo un promedio de entre 170 y 180 m\u00f3viles las 24 horas en la calle, contando como m\u00f3vil un auto, una camioneta o un binomio de motoristas. Adem\u00e1s de eso tenemos que sumar entre 70 y 80, en promedio, m\u00f3viles de las fuerzas federales en el marco del Plan Bandera. Con lo cual estamos siempre en 250 m\u00f3viles en la ciudad de Rosario. Tambi\u00e9n tenemos que sumarle un promedio de entre 90 y 100 binomios de caminantes durante las 24 horas del d\u00eda, principalmente en zonas c\u00e9ntricas o de alta circulaci\u00f3n de gente. Estamos dando los primeros pasos para reconstituir el sistema de policiamiento preventivo en la ciudad de Rosario y, a las escalas que corresponda, en el resto de la provincia\u201d.<\/p>\n\n\n\n<p class=\"has-text-align-center\"><strong>Devolver la tranquilidad a los santafesinos<\/strong><\/p>\n\n\n\n<p>El ministro de Justicia y Seguridad explic\u00f3 que \u201cnuestro gobernador Maximiliano Pullaro nos ha fijado objetivos ambiciosos en un momento complicado: tener ciudades seguras y devolverle la tranquilidad a los santafesinos. Cuando asumimos la gesti\u00f3n la recibimos con 400 homicidios dolosos en un a\u00f1o y salimos a pelearla con escarbadientes, con lo que hab\u00eda. No tenemos que rendirnos en esa misi\u00f3n que nos han encomendado. Ahora empiezan a llegar las cosas que necesitan, ya empiezan a llegar nuestros nuevos patrulleros, van a empezar a llevar armamento letal y no letal, municiones, chalecos, uniformes, reformas legales para poder incrementar la proactividad en calle, afrontando la vicisitud de todos los d\u00edas\u201d.<\/p>\n\n\n\n<p>\u201cLas c\u00e1rceles no se hacen de un d\u00eda para el otro, por supuesto que de vez en cuando vamos a tener inconvenientes en alguna comisar\u00eda o en alg\u00fan lugar donde haya detenidos. Los inconvenientes los vamos a tener porque hay 800 pesos m\u00e1s que cuando arrancamos. Por eso las comisar\u00edas est\u00e1n llenas. Nosotros vamos a encargarnos en muy poco tiempo de darles el lugar y de cobijarlos a todos en el Servicio Penitenciario de Santa Fe, que estamos construyendo de vuelta para los delincuentes que ustedes aprehendan en la calle\u201d.<\/p>\n\n\n\n<p>Para finalizar, Cococcioni agradeci\u00f3 al personal de las fuerzas de seguridad por \u201chaberse puesto la camiseta estos ocho meses. A seguir peleando por devolverle la tranquilidad a los habitantes y vecinos de la invencible provincia de Santa Fe\u201d.<\/p>\n\n\n\n<p>Participaron tambi\u00e9n de la actividad el secretario de Control y Convivencia de la Municipalidad de Rosario, Diego Herrera; los secretarios provinciales de Seguridad P\u00fablica, Omar Pereira, de An\u00e1lisis y Gesti\u00f3n de la Informaci\u00f3n, Esteban Santantino, y de Coordinaci\u00f3n T\u00e9cnica, Georgina Orciani; el jefe de Polic\u00eda, Luis Pablo Mart\u00edn Maldonado; y el jefe de la Unidad Regional II, Daniel Acosta, entre otras autoridades.<\/p>\n\n\n\n<p class=\"has-text-align-center\"><strong>Transparencia y eficiencia<\/strong><\/p>\n\n\n\n<p>El Gobierno de Santa Fe llev\u00f3 adelante en abril pasado una licitaci\u00f3n p\u00fablica para la adquisici\u00f3n de 700 unidades, destinando un presupuesto oficial de $ 27.300 millones, adem\u00e1s de la incorporaci\u00f3n de 100 veh\u00edculos m\u00e1s mediante una compra directa, en el marco de la Ley N\u00b0 14.237 correspondiente al \u201cEstado de Emergencia en Seguridad P\u00fablica en la Provincia de Santa Fe\u201d.<\/p>\n\n\n\n<p>Luego, gracias la eficiencia en el mecanismo de compra, y a partir del mejoramiento de la oferta, a las 700 unidades licitadas y las 100 incorporadas por compra directa, se sumaron 140 patrulleros, por lo que totalizar\u00e1n 940 veh\u00edculos nuevos destinados a reforzar la seguridad en todo el territorio santafesino.<\/p>\n\n\n\n<p>A fines de junio tambi\u00e9n se abrieron los sobres de licitaci\u00f3n para la compra de 500 motos tipo enduro, de entre 245 y 275 cm3 de cilindrada, con el equipamiento adecuado para el patrullaje policial<\/p>\n<div class=\"newspaper-x-tags\"><strong>TAGS: <\/strong><span><a href=\"https:\/\/www.rosarioalerta.com.ar\/site\/archivos\/tag\/noticias-de-rosario\" rel=\"tag\">Noticias de Rosario<\/a><\/span><a href=\"https:\/\/www.rosarioalerta.com.ar\/site\/archivos\/tag\/rosario\" rel=\"tag\">Rosario<\/a><\/span><a href=\"https:\/\/www.rosarioalerta.com.ar\/site\/archivos\/tag\/santa-fe\" rel=\"tag\">Santa Fe<\/a> <\/div>","protected":false},"excerpt":{"rendered":"<p>En este corto lapso la provincia entreg\u00f3 m\u00e1s m\u00f3viles que en los cuatro a\u00f1os de gesti\u00f3n de Omar Perotti &nbsp;\u201cEstamos dando los primeros pasos para reconstituir el sistema de policiamiento preventivo en Rosario\u201d, dijo el ministro de Justicia y Seguridad, Pablo Cococcioni, al entregar 150 nuevas unidades a la Unidad Regional II. El ministro de [&hellip;]<\/p>\n","protected":false},"author":2,"featured_media":19233,"comment_status":"open","ping_status":"open","sticky":false,"template":"","format":"standard","meta":{"_joinchat":[],"footnotes":""},"categories":[18,21,285,14],"tags":[95,55,65],"class_list":["post-19232","post","type-post","status-publish","format-standard","has-post-thumbnail","hentry","category-institucional","category-noticias","category-opinion","category-policiales","tag-noticias-de-rosario","tag-rosario","tag-santa-fe"],"_links":{"self":[{"href":"https:\/\/www.rosarioalerta.com.ar\/site\/wp-json\/wp\/v2\/posts\/19232","targetHints":{"allow":["GET"]}}],"collection":[{"href":"https:\/\/www.rosarioalerta.com.ar\/site\/wp-json\/wp\/v2\/posts"}],"about":[{"href":"https:\/\/www.rosarioalerta.com.ar\/site\/wp-json\/wp\/v2\/types\/post"}],"author":[{"embeddable":true,"href":"https:\/\/www.rosarioalerta.com.ar\/site\/wp-json\/wp\/v2\/users\/2"}],"replies":[{"embeddable":true,"href":"https:\/\/www.rosarioalerta.com.ar\/site\/wp-json\/wp\/v2\/comments?post=19232"}],"version-history":[{"count":1,"href":"https:\/\/www.rosarioalerta.com.ar\/site\/wp-json\/wp\/v2\/posts\/19232\/revisions"}],"predecessor-version":[{"id":19234,"href":"https:\/\/www.rosarioalerta.com.ar\/site\/wp-json\/wp\/v2\/posts\/19232\/revisions\/19234"}],"wp:featuredmedia":[{"embeddable":true,"href":"https:\/\/www.rosarioalerta.com.ar\/site\/wp-json\/wp\/v2\/media\/19233"}],"wp:attachment":[{"href":"https:\/\/www.rosarioalerta.com.ar\/site\/wp-json\/wp\/v2\/media?parent=19232"}],"wp:term":[{"taxonomy":"category","embeddable":true,"href":"https:\/\/www.rosarioalerta.com.ar\/site\/wp-json\/wp\/v2\/categories?post=19232"},{"taxonomy":"post_tag","embeddable":true,"href":"https:\/\/www.rosarioalerta.com.ar\/site\/wp-json\/wp\/v2\/tags?post=19232"}],"curies":[{"name":"wp","href":"https:\/\/api.w.org\/{rel}","templated":true}]}}