{"id":18980,"date":"2024-08-09T07:43:39","date_gmt":"2024-08-09T10:43:39","guid":{"rendered":"https:\/\/www.rosarioalerta.com.ar\/site\/?p=18980"},"modified":"2024-08-09T07:43:41","modified_gmt":"2024-08-09T10:43:41","slug":"avanzan-los-comites-vecinales","status":"publish","type":"post","link":"https:\/\/www.rosarioalerta.com.ar\/site\/archivos\/18980","title":{"rendered":"Avanzan los Comit\u00e9s Vecinales"},"content":{"rendered":"\n<p><\/p>\n\n\n\n<p>La ciudad de Rosario dar\u00e1 un paso importante en materia de seguridad ciudadana con la aprobaci\u00f3n de un nuevo decreto<\/p>\n\n\n\n<p>El mismo promueve la creaci\u00f3n de <strong>Comit\u00e9s Vecinales de Seguridad Local y Mesas Tem\u00e1ticas de Seguridad<\/strong>. Esta iniciativa, impulsada por el concejal <strong>Federico Lifschitz<\/strong> y su bloque, busca fortalecer la participaci\u00f3n ciudadana en la prevenci\u00f3n del delito y la violencia urbana.<\/p>\n\n\n\n<p>En una iniciativa que busca fortalecer la seguridad ciudadana en Rosario, el Concejo Municipal aprob\u00f3 un nuevo decreto que promueve la implementaci\u00f3n de Comit\u00e9s Vecinales de Seguridad Local y Mesas Tem\u00e1ticas de Seguridad. Esta propuesta, presentada por el concejal Federico Lifschitz y sus compa\u00f1eros de bancada, tiene como objetivo fomentar la participaci\u00f3n activa de los vecinos en la prevenci\u00f3n del delito y la violencia urbana.<\/p>\n\n\n\n<p>El decreto, que se basa en la normativa provincial, establece que el Ejecutivo municipal deber\u00e1 gestionar ante el gobierno provincial las acciones necesarias para poner en marcha estos comit\u00e9s. Adem\u00e1s, se encomienda al municipio acompa\u00f1ar y colaborar en su funcionamiento, a trav\u00e9s de sus distintas \u00e1reas, para dise\u00f1ar estrategias conjuntas de prevenci\u00f3n.<\/p>\n\n\n\n<p>Para garantizar la participaci\u00f3n de diversos actores sociales, el decreto plantea la convocatoria a directores de Centros Municipales de Distrito, representantes de la EPE y Aguas Santafesinas, integrantes de la comisi\u00f3n de Control, Convivencia y Seguridad Ciudadana del Concejo, y representantes de las secretar\u00edas de Control y Convivencia y de Cercan\u00eda y Gesti\u00f3n Ciudadana. Asimismo, se invita a participar a organizaciones de la sociedad civil como clubes, vecinales, asociaciones de comerciantes e industriales, entre otros.<\/p>\n\n\n\n<p>Al respecto, el concejal Federico Lifschitz destac\u00f3 la importancia de esta iniciativa, se\u00f1alando que &#8220;los Comit\u00e9s Vecinales son una herramienta fundamental para fortalecer la seguridad en nuestros barrios, ya que permiten que los vecinos se involucren de manera activa en la prevenci\u00f3n del delito&#8221;.<\/p>\n\n\n\n<p class=\"has-text-align-center\"><strong>Beneficios esperados<\/strong><\/p>\n\n\n\n<p>Mayor participaci\u00f3n ciudadana: Los vecinos podr\u00e1n aportar sus conocimientos y experiencias para identificar los problemas de seguridad en sus barrios y proponer soluciones.<\/p>\n\n\n\n<p>Mejor coordinaci\u00f3n entre instituciones: Se fortalecer\u00e1 la articulaci\u00f3n entre el municipio, la provincia y las fuerzas de seguridad, lo que permitir\u00e1 una respuesta m\u00e1s eficaz ante los problemas de seguridad.<\/p>\n\n\n\n<p>Prevenci\u00f3n del delito: Al identificar los factores de riesgo y las necesidades de cada barrio, se podr\u00e1n implementar medidas preventivas m\u00e1s efectivas.<\/p>\n\n\n\n<p>Mayor confianza entre la ciudadan\u00eda y las fuerzas de seguridad: La participaci\u00f3n vecinal en la gesti\u00f3n de la seguridad fortalecer\u00e1 el v\u00ednculo entre los ciudadanos y las instituciones.<\/p>\n\n\n\n<p class=\"has-text-align-center\"><strong>Pr\u00f3ximos pasos<\/strong><\/p>\n\n\n\n<p>Con la aprobaci\u00f3n de este decreto, el municipio deber\u00e1 iniciar las gestiones necesarias para poner en marcha los Comit\u00e9s Vecinales de Seguridad. Se espera que en los pr\u00f3ximos meses se comiencen a conformar estos espacios de participaci\u00f3n ciudadana, lo que representar\u00e1 un avance significativo en la lucha contra la inseguridad en Rosario.<\/p>\n<div class=\"newspaper-x-tags\"><strong>TAGS: <\/strong><span><a href=\"https:\/\/www.rosarioalerta.com.ar\/site\/archivos\/tag\/federico-lifschitz\" rel=\"tag\">Federico Lifschitz<\/a><\/span><a href=\"https:\/\/www.rosarioalerta.com.ar\/site\/archivos\/tag\/noticias-de-rosario\" rel=\"tag\">Noticias de Rosario<\/a><\/span><a href=\"https:\/\/www.rosarioalerta.com.ar\/site\/archivos\/tag\/rosario\" rel=\"tag\">Rosario<\/a><\/span><a href=\"https:\/\/www.rosarioalerta.com.ar\/site\/archivos\/tag\/santa-fe\" rel=\"tag\">Santa Fe<\/a><\/span><a href=\"https:\/\/www.rosarioalerta.com.ar\/site\/archivos\/tag\/seguridad\" rel=\"tag\">Seguridad<\/a> <\/div>","protected":false},"excerpt":{"rendered":"<p>La ciudad de Rosario dar\u00e1 un paso importante en materia de seguridad ciudadana con la aprobaci\u00f3n de un nuevo decreto El mismo promueve la creaci\u00f3n de Comit\u00e9s Vecinales de Seguridad Local y Mesas Tem\u00e1ticas de Seguridad. Esta iniciativa, impulsada por el concejal Federico Lifschitz y su bloque, busca fortalecer la participaci\u00f3n ciudadana en la prevenci\u00f3n [&hellip;]<\/p>\n","protected":false},"author":2,"featured_media":18981,"comment_status":"open","ping_status":"open","sticky":false,"template":"","format":"standard","meta":{"_joinchat":[],"footnotes":""},"categories":[18,21],"tags":[800,95,55,65,458],"class_list":["post-18980","post","type-post","status-publish","format-standard","has-post-thumbnail","hentry","category-institucional","category-noticias","tag-federico-lifschitz","tag-noticias-de-rosario","tag-rosario","tag-santa-fe","tag-seguridad"],"_links":{"self":[{"href":"https:\/\/www.rosarioalerta.com.ar\/site\/wp-json\/wp\/v2\/posts\/18980","targetHints":{"allow":["GET"]}}],"collection":[{"href":"https:\/\/www.rosarioalerta.com.ar\/site\/wp-json\/wp\/v2\/posts"}],"about":[{"href":"https:\/\/www.rosarioalerta.com.ar\/site\/wp-json\/wp\/v2\/types\/post"}],"author":[{"embeddable":true,"href":"https:\/\/www.rosarioalerta.com.ar\/site\/wp-json\/wp\/v2\/users\/2"}],"replies":[{"embeddable":true,"href":"https:\/\/www.rosarioalerta.com.ar\/site\/wp-json\/wp\/v2\/comments?post=18980"}],"version-history":[{"count":1,"href":"https:\/\/www.rosarioalerta.com.ar\/site\/wp-json\/wp\/v2\/posts\/18980\/revisions"}],"predecessor-version":[{"id":18982,"href":"https:\/\/www.rosarioalerta.com.ar\/site\/wp-json\/wp\/v2\/posts\/18980\/revisions\/18982"}],"wp:featuredmedia":[{"embeddable":true,"href":"https:\/\/www.rosarioalerta.com.ar\/site\/wp-json\/wp\/v2\/media\/18981"}],"wp:attachment":[{"href":"https:\/\/www.rosarioalerta.com.ar\/site\/wp-json\/wp\/v2\/media?parent=18980"}],"wp:term":[{"taxonomy":"category","embeddable":true,"href":"https:\/\/www.rosarioalerta.com.ar\/site\/wp-json\/wp\/v2\/categories?post=18980"},{"taxonomy":"post_tag","embeddable":true,"href":"https:\/\/www.rosarioalerta.com.ar\/site\/wp-json\/wp\/v2\/tags?post=18980"}],"curies":[{"name":"wp","href":"https:\/\/api.w.org\/{rel}","templated":true}]}}