{"id":18971,"date":"2024-08-08T19:42:23","date_gmt":"2024-08-08T22:42:23","guid":{"rendered":"https:\/\/www.rosarioalerta.com.ar\/site\/?p=18971"},"modified":"2024-08-08T19:42:32","modified_gmt":"2024-08-08T22:42:32","slug":"ofrecen-10-millones-de-pesos-a-quienes-aporten-datos-sobre-jose-mauricio-maturano","status":"publish","type":"post","link":"https:\/\/www.rosarioalerta.com.ar\/site\/archivos\/18971","title":{"rendered":"Ofrecen 10 millones de pesos a quienes aporten datos sobre Jos\u00e9 Mauricio Maturano\u00a0"},"content":{"rendered":"\n<p><\/p>\n\n\n\n<p>Se trata del conductor de la moto, que llevaba al sicario que mat\u00f3 al colectivero <strong>Marcos Daloia<\/strong><\/p>\n\n\n\n<p>Maturano, cuenta conorden de captura por ser coautor del homicidio de <strong>Marcos Daloia<\/strong>, el colectivero asesinado a balazos mientras conduc\u00eda el troleb\u00fas de la <strong>L\u00ednea K en Rosario<\/strong>. La informaci\u00f3n deber\u00e1 ser aportada en cualquiera de las sedes de las Fiscal\u00edas Regionales del Ministerio P\u00fablico de la Acusaci\u00f3n.<\/p>\n\n\n\n<p>El Gobierno de la Provincia, a trav\u00e9s del Ministerio de Justicia y Seguridad, <strong>fij\u00f3 en 10 millones de pesos la recompensa para las personas que aporten informaci\u00f3n y datos fehacientes sobre el paradero de Jos\u00e9 Mauricio Maturano,<\/strong> quien registra orden de captura por el asesinato de <strong>Marcos Daloia<\/strong>, colectivero de la L\u00ednea K de Rosario.<\/p>\n\n\n\n<p>La identidad de quienes brinden informaci\u00f3n y de quienes sean adjudicatarios de la recompensa ser\u00e1 mantenida en secreto antes, durante y despu\u00e9s de finalizada la investigaci\u00f3n y\/o proceso judicial. El pago de la suma fijada ser\u00e1 abonado previo informe del representante del Ministerio P\u00fablico de la Acusaci\u00f3n y de la Direcci\u00f3n Provincial de Protecci\u00f3n de Testigos en relaci\u00f3n al m\u00e9rito de la misma.<\/p>\n\n\n\n<p>La informaci\u00f3n y los datos relativos a la causa deber\u00e1n ser aportados en cualquiera de las sedes de las Fiscal\u00edas Regionales del Ministerio P\u00fablico de la Acusaci\u00f3n, a saber: Fiscal\u00eda Regional N\u00b0 1 sita en Av. General E. L\u00f3pez N\u00b03302 de la ciudad de Santa Fe; Fiscal\u00eda Regional N\u00b0 2 sita en calle Sarmiento N\u00b02850 de la ciudad de Rosario; Fiscal\u00eda Regional N\u00b0 3, sita en calle Alvear N\u00b0 675 de la ciudad de Venado Tuerto; Fiscal\u00eda Regional N\u00b0 4, sita en calle Iriondo N\u00b0 553 de la ciudad de Reconquista; o Fiscal\u00eda Regional N\u00b0 5, sita en calle Necochea N\u00b0 44 de la ciudad de Rafaela.<\/p>\n\n\n\n<p>El pasado 10 de marzo de este a\u00f1o, Marcos Daloia fue asesinado a balazos mientras manejaba un coche de la L\u00ednea 121 o K, que hace su recorrido desde Ciudad Universitaria hasta el Mercado de Concentraci\u00f3n de Fisherton. Luego del hecho, lo trasladaron de urgencia al HECA con paro cardiorespiratorio y lo operaron debido al orificio de entrada en su regi\u00f3n pre auricular derecha y una lesi\u00f3n que se extend\u00eda desde la primera a la segunda v\u00e9rtebra cervical.<\/p>\n\n\n\n<p><strong>Daloia<\/strong> ten\u00eda 39 a\u00f1os y trabajaba en la empresa de transporte p\u00fablico desde hac\u00eda 6 a\u00f1os. Era padre de tres hijos y viv\u00eda en la zona oeste de la ciudad, entre los barrios Azcu\u00e9naga y Ludue\u00f1a.<\/p>\n\n\n\n<p>Vale recordar que a fines del mes pasado se entreg\u00f3 <strong>Axel Ignacio H., 19 a\u00f1os, <\/strong>quien supuestamente fue el autor del hecho.<\/p>\n<div class=\"newspaper-x-tags\"><strong>TAGS: <\/strong><span><a href=\"https:\/\/www.rosarioalerta.com.ar\/site\/archivos\/tag\/jose-mauricio-maturano\" rel=\"tag\">Jos\u00e9 Mauricio Maturano<\/a><\/span><a href=\"https:\/\/www.rosarioalerta.com.ar\/site\/archivos\/tag\/marcos-daloia\" rel=\"tag\">Marcos Daloia<\/a><\/span><a href=\"https:\/\/www.rosarioalerta.com.ar\/site\/archivos\/tag\/noticias-de-rosario\" rel=\"tag\">Noticias de Rosario<\/a><\/span><a href=\"https:\/\/www.rosarioalerta.com.ar\/site\/archivos\/tag\/rosario\" rel=\"tag\">Rosario<\/a><\/span><a href=\"https:\/\/www.rosarioalerta.com.ar\/site\/archivos\/tag\/santa-fe\" rel=\"tag\">Santa Fe<\/a> <\/div>","protected":false},"excerpt":{"rendered":"<p>Se trata del conductor de la moto, que llevaba al sicario que mat\u00f3 al colectivero Marcos Daloia Maturano, cuenta conorden de captura por ser coautor del homicidio de Marcos Daloia, el colectivero asesinado a balazos mientras conduc\u00eda el troleb\u00fas de la L\u00ednea K en Rosario. La informaci\u00f3n deber\u00e1 ser aportada en cualquiera de las sedes [&hellip;]<\/p>\n","protected":false},"author":2,"featured_media":18972,"comment_status":"open","ping_status":"open","sticky":false,"template":"","format":"standard","meta":{"_joinchat":[],"footnotes":""},"categories":[6,18,13,21,14,52],"tags":[798,797,95,55,65],"class_list":["post-18971","post","type-post","status-publish","format-standard","has-post-thumbnail","hentry","category-homicidios","category-institucional","category-judiciales","category-noticias","category-policiales","category-te-buscamos","tag-jose-mauricio-maturano","tag-marcos-daloia","tag-noticias-de-rosario","tag-rosario","tag-santa-fe"],"_links":{"self":[{"href":"https:\/\/www.rosarioalerta.com.ar\/site\/wp-json\/wp\/v2\/posts\/18971","targetHints":{"allow":["GET"]}}],"collection":[{"href":"https:\/\/www.rosarioalerta.com.ar\/site\/wp-json\/wp\/v2\/posts"}],"about":[{"href":"https:\/\/www.rosarioalerta.com.ar\/site\/wp-json\/wp\/v2\/types\/post"}],"author":[{"embeddable":true,"href":"https:\/\/www.rosarioalerta.com.ar\/site\/wp-json\/wp\/v2\/users\/2"}],"replies":[{"embeddable":true,"href":"https:\/\/www.rosarioalerta.com.ar\/site\/wp-json\/wp\/v2\/comments?post=18971"}],"version-history":[{"count":1,"href":"https:\/\/www.rosarioalerta.com.ar\/site\/wp-json\/wp\/v2\/posts\/18971\/revisions"}],"predecessor-version":[{"id":18973,"href":"https:\/\/www.rosarioalerta.com.ar\/site\/wp-json\/wp\/v2\/posts\/18971\/revisions\/18973"}],"wp:featuredmedia":[{"embeddable":true,"href":"https:\/\/www.rosarioalerta.com.ar\/site\/wp-json\/wp\/v2\/media\/18972"}],"wp:attachment":[{"href":"https:\/\/www.rosarioalerta.com.ar\/site\/wp-json\/wp\/v2\/media?parent=18971"}],"wp:term":[{"taxonomy":"category","embeddable":true,"href":"https:\/\/www.rosarioalerta.com.ar\/site\/wp-json\/wp\/v2\/categories?post=18971"},{"taxonomy":"post_tag","embeddable":true,"href":"https:\/\/www.rosarioalerta.com.ar\/site\/wp-json\/wp\/v2\/tags?post=18971"}],"curies":[{"name":"wp","href":"https:\/\/api.w.org\/{rel}","templated":true}]}}