{"id":18235,"date":"2024-07-03T07:31:51","date_gmt":"2024-07-03T10:31:51","guid":{"rendered":"https:\/\/www.rosarioalerta.com.ar\/site\/?p=18235"},"modified":"2024-07-03T07:38:31","modified_gmt":"2024-07-03T10:38:31","slug":"asaltaron-a-un-taxista-en-zona-oeste","status":"publish","type":"post","link":"https:\/\/www.rosarioalerta.com.ar\/site\/archivos\/18235","title":{"rendered":"Asaltaron a un taxista en zona oeste"},"content":{"rendered":"\n<p><\/p>\n\n\n\n<p>Tambi\u00e9n se registr\u00f3 un siniestro vial con un muerto en zona sur<\/p>\n\n\n\n<p>Dos hechos policiales se registraron antes de la medianoche en Rosario, uno de ellos involucr\u00f3 la presencia de varios veh\u00edculos que colisionaron en cadena, donde fallece un hombre, mientras que en el otro, la v\u00edctima fue un taxista, el cual no result\u00f3 lesionado afortunadamente<\/p>\n\n\n\n<p>Pasadas las 22 de este martes, el chofer de un taxi identificado con el <strong>RA 0978<\/strong>, se ocupa con un pasajero en cercan\u00edas a <strong>Pellegrini y Paraguay<\/strong>. El viaje ten\u00eda como destino final el <strong>Pje Chancay entre Saavedra y Bv Segu\u00ed<\/strong>, al llegar al sitio, es amenazado de muerte con lo que podr\u00eda ser un arma de fuego, para sustraerle la billetera con la recaudaci\u00f3n, el celular y dem\u00e1s elementos a verificar.<\/p>\n\n\n\n<p>El chofer afortunadamente no result\u00f3 lesionado y realiz\u00f3 la denuncia en la sede policial para luego continuar con su rutina laboral <strong>&nbsp;<\/strong><\/p>\n\n\n\n<p class=\"has-text-align-center\"><strong>Un siniestro vial con una v\u00edctima fatal<\/strong><\/p>\n\n\n\n<p>El otro de los casos del cual a\u00fan se desconoce la identidad de la v\u00edctima, fue el que tuvo lugar sobre <strong>Av Circunvalaci\u00f3n a la altura de Bv Oro\u00f1o<\/strong>, donde se produjo un siniestro vial m\u00faltiple en el que un hombre termin\u00f3 perdiendo la vida tras la colisi\u00f3n. En la escena estuvo presente personal de <strong>Bomberos, SIES, Vialidad<\/strong> y dem\u00e1s profesionales que colaboraron con el desv\u00edo del tr\u00e1nsito<\/p>\n\n\n\n<p>El tr\u00e1nsito permaneci\u00f3 cortado por varias horas, hasta la remoci\u00f3n de los veh\u00edculos y la realizaci\u00f3n de las pericias correspondientes que estuvieron a cargo del <strong>Gabinete Criminal\u00edstico de la Polic\u00eda de Investigaciones<\/strong>. En tanto la fiscal\u00eda en turno de Homicidios Culposos, orden\u00f3 el traslado del cuerpo al <strong>Instituto M\u00e9dico Legal <\/strong>para la pr\u00e1ctica de la autopsia y reconocimiento del mismo, as\u00ed como otras medidas de curso sobre los participantes del siniestro, relevo de c\u00e1maras y toma de testimonios que permitan establecer la motivaci\u00f3n de dicha colisi\u00f3n y determinar las responsabilidades en el mismo. De la escena adem\u00e1s secuestraron una motocicleta que encontraron encendida, la cual ser\u00eda propiedad de la v\u00edctima a la que tambi\u00e9n encontraron cerca del rodado con sus efectos personales en su poder \u00a0<\/p>\n<div class=\"newspaper-x-tags\"><strong>TAGS: <\/strong><span><a href=\"https:\/\/www.rosarioalerta.com.ar\/site\/archivos\/tag\/noticias-de-rosario\" rel=\"tag\">Noticias de Rosario<\/a><\/span><a href=\"https:\/\/www.rosarioalerta.com.ar\/site\/archivos\/tag\/rosario\" rel=\"tag\">Rosario<\/a><\/span><a href=\"https:\/\/www.rosarioalerta.com.ar\/site\/archivos\/tag\/santa-fe\" rel=\"tag\">Santa Fe<\/a> <\/div>","protected":false},"excerpt":{"rendered":"<p>Tambi\u00e9n se registr\u00f3 un siniestro vial con un muerto en zona sur Dos hechos policiales se registraron antes de la medianoche en Rosario, uno de ellos involucr\u00f3 la presencia de varios veh\u00edculos que colisionaron en cadena, donde fallece un hombre, mientras que en el otro, la v\u00edctima fue un taxista, el cual no result\u00f3 lesionado [&hellip;]<\/p>\n","protected":false},"author":2,"featured_media":18236,"comment_status":"open","ping_status":"open","sticky":false,"template":"","format":"standard","meta":{"_joinchat":[],"footnotes":""},"categories":[17,21,14,2,10,53],"tags":[95,55,65],"class_list":["post-18235","post","type-post","status-publish","format-standard","has-post-thumbnail","hentry","category-heridos","category-noticias","category-policiales","category-robos","category-siniestros-viales","category-taxis","tag-noticias-de-rosario","tag-rosario","tag-santa-fe"],"_links":{"self":[{"href":"https:\/\/www.rosarioalerta.com.ar\/site\/wp-json\/wp\/v2\/posts\/18235","targetHints":{"allow":["GET"]}}],"collection":[{"href":"https:\/\/www.rosarioalerta.com.ar\/site\/wp-json\/wp\/v2\/posts"}],"about":[{"href":"https:\/\/www.rosarioalerta.com.ar\/site\/wp-json\/wp\/v2\/types\/post"}],"author":[{"embeddable":true,"href":"https:\/\/www.rosarioalerta.com.ar\/site\/wp-json\/wp\/v2\/users\/2"}],"replies":[{"embeddable":true,"href":"https:\/\/www.rosarioalerta.com.ar\/site\/wp-json\/wp\/v2\/comments?post=18235"}],"version-history":[{"count":2,"href":"https:\/\/www.rosarioalerta.com.ar\/site\/wp-json\/wp\/v2\/posts\/18235\/revisions"}],"predecessor-version":[{"id":18242,"href":"https:\/\/www.rosarioalerta.com.ar\/site\/wp-json\/wp\/v2\/posts\/18235\/revisions\/18242"}],"wp:featuredmedia":[{"embeddable":true,"href":"https:\/\/www.rosarioalerta.com.ar\/site\/wp-json\/wp\/v2\/media\/18236"}],"wp:attachment":[{"href":"https:\/\/www.rosarioalerta.com.ar\/site\/wp-json\/wp\/v2\/media?parent=18235"}],"wp:term":[{"taxonomy":"category","embeddable":true,"href":"https:\/\/www.rosarioalerta.com.ar\/site\/wp-json\/wp\/v2\/categories?post=18235"},{"taxonomy":"post_tag","embeddable":true,"href":"https:\/\/www.rosarioalerta.com.ar\/site\/wp-json\/wp\/v2\/tags?post=18235"}],"curies":[{"name":"wp","href":"https:\/\/api.w.org\/{rel}","templated":true}]}}